{"id":15280,"date":"2026-09-05T18:01:33","date_gmt":"2026-09-05T21:01:33","guid":{"rendered":"https:\/\/ilheusnews.com.br\/?p=15280"},"modified":"2026-09-05T18:01:33","modified_gmt":"2026-09-05T21:01:33","slug":"justica-atende-pedido-do-mpba-e-afasta-presidente-e-primeiro-secretario-da-camara-de-iraquara","status":"publish","type":"post","link":"https:\/\/ilheusnews.com.br\/?p=15280","title":{"rendered":"Justi\u00e7a atende pedido do MPBA e afasta presidente e primeiro-secret\u00e1rio da C\u00e2mara de Iraquara"},"content":{"rendered":"<div>A pedido do Minist\u00e9rio P\u00fablico do Estado da Bahia, a Justi\u00e7a determinou ontem, dia 3, a suspens\u00e3o da efic\u00e1cia da elei\u00e7\u00e3o da mesa diretora da C\u00e2mara Municipal para o bi\u00eanio 2025\/2026. A medida resultou no afastamento cautelar do presidente da Casa Legislativa, Suede de Jesus Neves Filho, e do primeiro-secret\u00e1rio, Valmir Alves de Oliveira J\u00fanior. A decis\u00e3o atende a uma a\u00e7\u00e3o civil p\u00fablica ajuizada pelo promotor de Justi\u00e7a Lucas Peixoto Valente. No dia 27 de julho, o MPBA j\u00e1 havia recomendado ao Legislativo municipal que anulasse a elei\u00e7\u00e3o e realizasse um novo pleito. De acordo com o promotor de Justi\u00e7a, o vereador Suede de Jesus Neves Filho assumiu a presid\u00eancia da C\u00e2mara nos bi\u00eanios 2021\/2022 e 2023\/2024, sendo reeleito pela terceira vez consecutiva para a gest\u00e3o 2025\/2026. \u201cA mesma situa\u00e7\u00e3o de tripla recondu\u00e7\u00e3o sucessiva ocorreu com o vereador Valmir Alves de Oliveira J\u00fanior no cargo de primeiro-secret\u00e1rio\u201d, explicou o promotor de Justi\u00e7a. Ele complementou que o Supremo Tribunal Federal, ao decidir caso id\u00eantico de munic\u00edpio baiano, definiu expressamente que a elei\u00e7\u00e3o para o bi\u00eanio 2021\/2022, somada \u00e0 do bi\u00eanio 2023\/2024, torna o agente pol\u00edtico ineleg\u00edvel para o bi\u00eanio 2025\/2026, por consubstanciar terceiro mandato consecutivo proibido pela Carta Magna. (Fonte:MPBA)<\/div>\n","protected":false},"excerpt":{"rendered":"<p>A pedido do Minist\u00e9rio P\u00fablico do Estado da Bahia, a Justi\u00e7a determinou ontem, dia 3, a suspens\u00e3o da efic\u00e1cia da elei\u00e7\u00e3o da mesa diretora da C\u00e2mara Municipal para o bi\u00eanio 2025\/2026. A medida resultou no afastamento cautelar do presidente da Casa Legislativa, Suede de Jesus Neves Filho, e do primeiro-secret\u00e1rio, Valmir Alves de Oliveira J\u00fanior.<\/p>\n","protected":false},"author":8,"featured_media":0,"comment_status":"closed","ping_status":"closed","sticky":false,"template":"","format":"standard","meta":{"fifu_image_url":"","fifu_image_alt":"","footnotes":""},"categories":[33],"tags":[],"class_list":["post-15280","post","type-post","status-publish","format-standard","hentry","category-noticias"],"_links":{"self":[{"href":"https:\/\/ilheusnews.com.br\/index.php?rest_route=\/wp\/v2\/posts\/15280","targetHints":{"allow":["GET"]}}],"collection":[{"href":"https:\/\/ilheusnews.com.br\/index.php?rest_route=\/wp\/v2\/posts"}],"about":[{"href":"https:\/\/ilheusnews.com.br\/index.php?rest_route=\/wp\/v2\/types\/post"}],"author":[{"embeddable":true,"href":"https:\/\/ilheusnews.com.br\/index.php?rest_route=\/wp\/v2\/users\/8"}],"replies":[{"embeddable":true,"href":"https:\/\/ilheusnews.com.br\/index.php?rest_route=%2Fwp%2Fv2%2Fcomments&post=15280"}],"version-history":[{"count":0,"href":"https:\/\/ilheusnews.com.br\/index.php?rest_route=\/wp\/v2\/posts\/15280\/revisions"}],"wp:attachment":[{"href":"https:\/\/ilheusnews.com.br\/index.php?rest_route=%2Fwp%2Fv2%2Fmedia&parent=15280"}],"wp:term":[{"taxonomy":"category","embeddable":true,"href":"https:\/\/ilheusnews.com.br\/index.php?rest_route=%2Fwp%2Fv2%2Fcategories&post=15280"},{"taxonomy":"post_tag","embeddable":true,"href":"https:\/\/ilheusnews.com.br\/index.php?rest_route=%2Fwp%2Fv2%2Ftags&post=15280"}],"curies":[{"name":"wp","href":"https:\/\/api.w.org\/{rel}","templated":true}]}}