{"id":15276,"date":"2026-09-05T18:01:24","date_gmt":"2026-09-05T21:01:24","guid":{"rendered":"https:\/\/ilheusnews.com.br\/?p=15276"},"modified":"2026-09-05T18:01:24","modified_gmt":"2026-09-05T21:01:24","slug":"riachao-do-jacuipe-investigacao-sobre-esgotamento-sanitario-e-prorrogada-por-um-ano","status":"publish","type":"post","link":"https:\/\/ilheusnews.com.br\/?p=15276","title":{"rendered":"Riach\u00e3o do Jacu\u00edpe: Investiga\u00e7\u00e3o sobre esgotamento sanit\u00e1rio \u00e9 prorrogada por um ano"},"content":{"rendered":"<div>Foi prorrogado por mais um ano o procedimento administrativo do MP que acompanha a situa\u00e7\u00e3o do sistema de esgotamento sanit\u00e1rio executado pela prefeitura de Riach\u00e3o do Jacu\u00edpe. A apura\u00e7\u00e3o teve origem em uma representa\u00e7\u00e3o que apontou poss\u00edvel despejo irregular de efluentes no Rio Jacu\u00edpe, situa\u00e7\u00e3o que passou a ser acompanhada pela Promotoria Regional Especializada em Meio Ambiente do Baixo Paragua\u00e7u. (Foto ilustra\u00e7\u00e3o: Prefeitura Municipal de Riach\u00e3o do Jacu\u00edpe) A investiga\u00e7\u00e3o tem como objetivo acompanhar a situa\u00e7\u00e3o f\u00e1tica relacionada \u00e0 obra e verificar eventuais impactos ambientais decorrentes da destina\u00e7\u00e3o dos efluentes. A preocupa\u00e7\u00e3o envolve diretamente a prote\u00e7\u00e3o do Rio Jacu\u00edpe, um dos principais recursos h\u00eddricos da regi\u00e3o. A prorroga\u00e7\u00e3o foi formalizada pelo promotor de Justi\u00e7a, Clodoaldo Silva da Anuncia\u00e7\u00e3o, da Regional Ambiental de Feira de Santana. O procedimento foi estendido por 12 meses, permitindo a continuidade do acompanhamento e da fiscaliza\u00e7\u00e3o das medidas adotadas pelo munic\u00edpio. (Da Reda\u00e7\u00e3o)<\/div>\n","protected":false},"excerpt":{"rendered":"<p>Foi prorrogado por mais um ano o procedimento administrativo do MP que acompanha a situa\u00e7\u00e3o do sistema de esgotamento sanit\u00e1rio executado pela prefeitura de Riach\u00e3o do Jacu\u00edpe. A apura\u00e7\u00e3o teve origem em uma representa\u00e7\u00e3o que apontou poss\u00edvel despejo irregular de efluentes no Rio Jacu\u00edpe, situa\u00e7\u00e3o que passou a ser acompanhada pela Promotoria Regional Especializada em<\/p>\n","protected":false},"author":8,"featured_media":0,"comment_status":"closed","ping_status":"closed","sticky":false,"template":"","format":"standard","meta":{"fifu_image_url":"","fifu_image_alt":"","footnotes":""},"categories":[33],"tags":[],"class_list":["post-15276","post","type-post","status-publish","format-standard","hentry","category-noticias"],"_links":{"self":[{"href":"https:\/\/ilheusnews.com.br\/index.php?rest_route=\/wp\/v2\/posts\/15276","targetHints":{"allow":["GET"]}}],"collection":[{"href":"https:\/\/ilheusnews.com.br\/index.php?rest_route=\/wp\/v2\/posts"}],"about":[{"href":"https:\/\/ilheusnews.com.br\/index.php?rest_route=\/wp\/v2\/types\/post"}],"author":[{"embeddable":true,"href":"https:\/\/ilheusnews.com.br\/index.php?rest_route=\/wp\/v2\/users\/8"}],"replies":[{"embeddable":true,"href":"https:\/\/ilheusnews.com.br\/index.php?rest_route=%2Fwp%2Fv2%2Fcomments&post=15276"}],"version-history":[{"count":0,"href":"https:\/\/ilheusnews.com.br\/index.php?rest_route=\/wp\/v2\/posts\/15276\/revisions"}],"wp:attachment":[{"href":"https:\/\/ilheusnews.com.br\/index.php?rest_route=%2Fwp%2Fv2%2Fmedia&parent=15276"}],"wp:term":[{"taxonomy":"category","embeddable":true,"href":"https:\/\/ilheusnews.com.br\/index.php?rest_route=%2Fwp%2Fv2%2Fcategories&post=15276"},{"taxonomy":"post_tag","embeddable":true,"href":"https:\/\/ilheusnews.com.br\/index.php?rest_route=%2Fwp%2Fv2%2Ftags&post=15276"}],"curies":[{"name":"wp","href":"https:\/\/api.w.org\/{rel}","templated":true}]}}