{"id":15273,"date":"2026-09-05T12:02:08","date_gmt":"2026-09-05T15:02:08","guid":{"rendered":"https:\/\/ilheusnews.com.br\/?p=15273"},"modified":"2026-09-05T12:02:08","modified_gmt":"2026-09-05T15:02:08","slug":"conselho-nacional-de-justica-a-turma-que-deve-julgar-ministros-do-stf","status":"publish","type":"post","link":"https:\/\/ilheusnews.com.br\/?p=15273","title":{"rendered":"Conselho Nacional de Justi\u00e7a: a turma que deve julgar ministros do STF"},"content":{"rendered":"<div>Ministro do STF Edson Fachin, presidente. Ministros do STJ Benedito Gon\u00e7alves e Mauro Campbell, Corregedores. Ronaldo Ara\u00fajo Pedro na Ouvidoria. Conselheiros: K\u00e1tia Arruda, Jaceguara Dantas da Silva, Andr\u00e9a Cunha Esmeraldo, Paulo R\u00e9gis Botelho, Fabio Francisco Esteves, Ilan Presser, Noemia Porto, Silvio Amorim J\u00fanior, Carlos Vin\u00edcius Alves Ribeiro, Marcello Terto, Ulisses Rabaneda, Daiane Nogueira de Lira, Rodrigo Badar\u00f3. Essa \u00e9 a turma do Conselho Nacional de Justi\u00e7a (CNJ), respons\u00e1vel por analisar e julgar a conduta de ju\u00edzes e ministros de altas Cortes, e que at\u00e9 agora n\u00e3o soltou um \u201ca\u201d a respeito do publicizado potencial conflito de interesses entre Alexandre de Moraes, ministro do STF, e o banqueiro Daniel Vorcaro, cujos v\u00ednculos entre foram pela advogada Viviane Barci. Apesar desse aparato todo, o CNJ avisa que o STF \u201cn\u00e3o est\u00e1 sujeito aos procedimentos de sua compet\u00eancia\u201d. Mas n\u00e3o se trata aqui da institui\u00e7\u00e3o: e a pessoa do ministro e seus atos? E segue a blindagem. (Esplanada)<\/div>\n","protected":false},"excerpt":{"rendered":"<p>Ministro do STF Edson Fachin, presidente. Ministros do STJ Benedito Gon\u00e7alves e Mauro Campbell, Corregedores. Ronaldo Ara\u00fajo Pedro na Ouvidoria. Conselheiros: K\u00e1tia Arruda, Jaceguara Dantas da Silva, Andr\u00e9a Cunha Esmeraldo, Paulo R\u00e9gis Botelho, Fabio Francisco Esteves, Ilan Presser, Noemia Porto, Silvio Amorim J\u00fanior, Carlos Vin\u00edcius Alves Ribeiro, Marcello Terto, Ulisses Rabaneda, Daiane Nogueira de Lira,<\/p>\n","protected":false},"author":8,"featured_media":0,"comment_status":"closed","ping_status":"closed","sticky":false,"template":"","format":"standard","meta":{"fifu_image_url":"","fifu_image_alt":"","footnotes":""},"categories":[33],"tags":[],"class_list":["post-15273","post","type-post","status-publish","format-standard","hentry","category-noticias"],"_links":{"self":[{"href":"https:\/\/ilheusnews.com.br\/index.php?rest_route=\/wp\/v2\/posts\/15273","targetHints":{"allow":["GET"]}}],"collection":[{"href":"https:\/\/ilheusnews.com.br\/index.php?rest_route=\/wp\/v2\/posts"}],"about":[{"href":"https:\/\/ilheusnews.com.br\/index.php?rest_route=\/wp\/v2\/types\/post"}],"author":[{"embeddable":true,"href":"https:\/\/ilheusnews.com.br\/index.php?rest_route=\/wp\/v2\/users\/8"}],"replies":[{"embeddable":true,"href":"https:\/\/ilheusnews.com.br\/index.php?rest_route=%2Fwp%2Fv2%2Fcomments&post=15273"}],"version-history":[{"count":0,"href":"https:\/\/ilheusnews.com.br\/index.php?rest_route=\/wp\/v2\/posts\/15273\/revisions"}],"wp:attachment":[{"href":"https:\/\/ilheusnews.com.br\/index.php?rest_route=%2Fwp%2Fv2%2Fmedia&parent=15273"}],"wp:term":[{"taxonomy":"category","embeddable":true,"href":"https:\/\/ilheusnews.com.br\/index.php?rest_route=%2Fwp%2Fv2%2Fcategories&post=15273"},{"taxonomy":"post_tag","embeddable":true,"href":"https:\/\/ilheusnews.com.br\/index.php?rest_route=%2Fwp%2Fv2%2Ftags&post=15273"}],"curies":[{"name":"wp","href":"https:\/\/api.w.org\/{rel}","templated":true}]}}