{"id":15271,"date":"2026-09-05T12:02:04","date_gmt":"2026-09-05T15:02:04","guid":{"rendered":"https:\/\/ilheusnews.com.br\/?p=15271"},"modified":"2026-09-05T12:02:04","modified_gmt":"2026-09-05T15:02:04","slug":"feira-de-santana-pesquisa-da-atlasintel-deve-acender-as-eleicoes","status":"publish","type":"post","link":"https:\/\/ilheusnews.com.br\/?p=15271","title":{"rendered":"Feira de Santana: pesquisa da AtlasIntel deve acender as elei\u00e7\u00f5es"},"content":{"rendered":"<div>A divulga\u00e7\u00e3o pelo grupo petista de que a AtlasIntel aferiu que Jer\u00f4nimo Rodrigues (PT) tem 61% contra 37% de ACM Neto (Uni\u00e3o Brasil) para governador e uma aprova\u00e7\u00e3o de 63% do Governo do Estado na regi\u00e3o de Feira de Santana, acendeu o estopim. Devem sair pesquisas de opini\u00e3o nesses 28 dias antes das elei\u00e7\u00f5es no Munic\u00edpio. A oposi\u00e7\u00e3o diz que a realidade \u00e9 outra.<\/div>\n","protected":false},"excerpt":{"rendered":"<p>A divulga\u00e7\u00e3o pelo grupo petista de que a AtlasIntel aferiu que Jer\u00f4nimo Rodrigues (PT) tem 61% contra 37% de ACM Neto (Uni\u00e3o Brasil) para governador e uma aprova\u00e7\u00e3o de 63% do Governo do Estado na regi\u00e3o de Feira de Santana, acendeu o estopim. Devem sair pesquisas de opini\u00e3o nesses 28 dias antes das elei\u00e7\u00f5es no<\/p>\n","protected":false},"author":8,"featured_media":0,"comment_status":"closed","ping_status":"closed","sticky":false,"template":"","format":"standard","meta":{"fifu_image_url":"","fifu_image_alt":"","footnotes":""},"categories":[33],"tags":[],"class_list":["post-15271","post","type-post","status-publish","format-standard","hentry","category-noticias"],"_links":{"self":[{"href":"https:\/\/ilheusnews.com.br\/index.php?rest_route=\/wp\/v2\/posts\/15271","targetHints":{"allow":["GET"]}}],"collection":[{"href":"https:\/\/ilheusnews.com.br\/index.php?rest_route=\/wp\/v2\/posts"}],"about":[{"href":"https:\/\/ilheusnews.com.br\/index.php?rest_route=\/wp\/v2\/types\/post"}],"author":[{"embeddable":true,"href":"https:\/\/ilheusnews.com.br\/index.php?rest_route=\/wp\/v2\/users\/8"}],"replies":[{"embeddable":true,"href":"https:\/\/ilheusnews.com.br\/index.php?rest_route=%2Fwp%2Fv2%2Fcomments&post=15271"}],"version-history":[{"count":0,"href":"https:\/\/ilheusnews.com.br\/index.php?rest_route=\/wp\/v2\/posts\/15271\/revisions"}],"wp:attachment":[{"href":"https:\/\/ilheusnews.com.br\/index.php?rest_route=%2Fwp%2Fv2%2Fmedia&parent=15271"}],"wp:term":[{"taxonomy":"category","embeddable":true,"href":"https:\/\/ilheusnews.com.br\/index.php?rest_route=%2Fwp%2Fv2%2Fcategories&post=15271"},{"taxonomy":"post_tag","embeddable":true,"href":"https:\/\/ilheusnews.com.br\/index.php?rest_route=%2Fwp%2Fv2%2Ftags&post=15271"}],"curies":[{"name":"wp","href":"https:\/\/api.w.org\/{rel}","templated":true}]}}