{"id":15237,"date":"2026-09-04T18:05:46","date_gmt":"2026-09-04T21:05:46","guid":{"rendered":"https:\/\/ilheusnews.com.br\/?p=15237"},"modified":"2026-09-04T18:05:46","modified_gmt":"2026-09-04T21:05:46","slug":"como-o-el-nino-pode-afetar-o-seu-bolso","status":"publish","type":"post","link":"https:\/\/ilheusnews.com.br\/?p=15237","title":{"rendered":"Como o El Ni\u00f1o pode afetar o seu bolso"},"content":{"rendered":"<div>\n<p>A <a href=\"https:\/\/olhardigital.com.br\/2025\/11\/26\/agronegocios\/ia-transforma-a-agricultura-e-cria-novas-profissoes-no-campo\/\" target=\"_blank\" rel=\"noreferrer noopener\">agricultura<\/a> moderna est\u00e1 passando por grandes transforma\u00e7\u00f5es tecnol\u00f3gicas e clim\u00e1ticas. Diante da previs\u00e3o de <a href=\"https:\/\/olhardigital.com.br\/2026\/05\/18\/ciencia-e-espaco\/super-el-nino-esta-mesmo-proximo-o-que-diz-a-ciencia\/\" target=\"_blank\" rel=\"noreferrer noopener\">forte intensidade <\/a>do fen\u00f4meno El Ni\u00f1o, a Companhia Brasileira de Propriedades Agr\u00edcolas (BrasilAgro) redesenhou sua estrat\u00e9gia de plantio para a safra de 2026 e 2027. O objetivo central \u00e9 utilizar a tecnologia, o monitoramento de dados e a gest\u00e3o de riscos para proteger a produ\u00e7\u00e3o contra a instabilidade atmosf\u00e9rica.<\/p>\n<p>Para o engenheiro agr\u00f4nomo Bruno Dupin Gaspar, refer\u00eancia internacional em tecnologia e inova\u00e7\u00e3o no agroneg\u00f3cio, o impacto real desse fen\u00f4meno vai muito al\u00e9m da <a href=\"https:\/\/olhardigital.com.br\/2025\/07\/01\/ciencia-e-espaco\/meteorologia-12-fatos-e-mitos-sobre-o-clima-e-o-tempo\/\" target=\"_blank\" rel=\"noreferrer noopener\">meteorologia <\/a>e mexe diretamente com o bolso do consumidor.\u00a0<\/p>\n<figure class=\"wp-block-image size-large\"><figcaption class=\"wp-element-caption\">El Ni\u00f1o \u00e9 um fen\u00f4meno clim\u00e1tico que tem consequ\u00eancias que v\u00e3o muito al\u00e9m do clima \u2013 Cr\u00e9dito: Imagem gerada por IA\/Gemini<\/figcaption><\/figure>\n<p>Em entrevista ao <strong>Olhar Digital<\/strong>, o especialista aponta que o El Ni\u00f1o atua como um \u201cverdadeiro amplificador do clima\u201d, castigando a produ\u00e7\u00e3o nacional de formas distintas. Enquanto o Norte e o Nordeste enfrentam secas severas e estiagens hist\u00f3ricas que prejudicam a pecu\u00e1ria e as lavouras, o Sul e o Sudeste sofrem com excesso de umidade e ondas de calor intenso que estragam hortali\u00e7as e fazem o caf\u00e9 abortar suas flores.<\/p>\n<p>Essa turbul\u00eancia clim\u00e1tica afeta diretamente a economia dom\u00e9stica por meio da lei da oferta e da procura. Conforme explica Gaspar, quando o volume de alimentos que chega aos centros de distribui\u00e7\u00e3o despenca devido aos danos no campo, os pre\u00e7os nas prateleiras disparam, gerando infla\u00e7\u00e3o e pesando no or\u00e7amento das fam\u00edlias. Por esse motivo, a gest\u00e3o de risco na agricultura amadureceu bastante nos \u00faltimos anos, exigindo que o setor trate o clima como um fator de neg\u00f3cio previs\u00edvel por meio de defesas financeiras robustas, como o seguro agr\u00edcola e a cria\u00e7\u00e3o de reservat\u00f3rios comunit\u00e1rios.<\/p>\n<figure class=\"wp-block-image size-large\"><img loading=\"lazy\" decoding=\"async\" width=\"1024\" height=\"759\" src=\"https:\/\/ilheusnews.com.br\/wp-content\/uploads\/2026\/09\/Bruno-Dupin-1024x759-1.jpg\" alt=\"Bruno Dupin\" class=\"wp-image-1345677\" srcset=\"https:\/\/img.odcdn.com.br\/wp-content\/uploads\/2026\/06\/Bruno-Dupin-1024x759.jpg 1024w, https:\/\/img.odcdn.com.br\/wp-content\/uploads\/2026\/06\/Bruno-Dupin-300x223.jpg 300w, https:\/\/img.odcdn.com.br\/wp-content\/uploads\/2026\/06\/Bruno-Dupin-768x570.jpg 768w, https:\/\/img.odcdn.com.br\/wp-content\/uploads\/2026\/06\/Bruno-Dupin-150x111.jpg 150w, https:\/\/img.odcdn.com.br\/wp-content\/uploads\/2026\/06\/Bruno-Dupin.jpg 1200w\" sizes=\"auto, (max-width: 1024px) 100vw, 1024px\"><figcaption class=\"wp-element-caption\">Bruno Dupin, engenheiro agr\u00f4nomo refer\u00eancia internacional em tecnologia e inova\u00e7\u00e3o. \u2013 Cr\u00e9dito: Olhar Digital<\/figcaption><\/figure>\n<p><strong>Leia mais:<\/strong><\/p>\n<ul>\n<li><a href=\"https:\/\/olhardigital.com.br\/2026\/06\/22\/ciencia-e-espaco\/el-nino-esta-de-volta-e-os-sinais-ja-aparecem-do-espaco\/\" target=\"_blank\" rel=\"noreferrer noopener\">El Ni\u00f1o est\u00e1 de volta \u2014 e os sinais j\u00e1 aparecem do espa\u00e7o<\/a><\/li>\n<li><a href=\"https:\/\/olhardigital.com.br\/2026\/06\/18\/medicina-e-saude\/calor-ar-seco-e-umidade-como-o-el-nino-afeta-alergias-respiratorias\/\" target=\"_blank\" rel=\"noreferrer noopener\">Calor, ar seco e umidade: como o El Ni\u00f1o afeta alergias respirat\u00f3rias<\/a><\/li>\n<li><a href=\"https:\/\/olhardigital.com.br\/2026\/06\/13\/ciencia-e-espaco\/el-nino-o-fenomeno-que-muda-o-clima-do-planeta-inteiro\/\" target=\"_blank\" rel=\"noreferrer noopener\">El Ni\u00f1o: o fen\u00f4meno que muda o clima do planeta inteiro\u00a0<\/a><\/li>\n<\/ul>\n<h2 class=\"wp-block-heading\" id=\"h-tecnologia-e-precisao-no-campo-o-novo-rumo-do-algodao-e-dos-graos-nbsp\"><strong>Tecnologia e precis\u00e3o no campo: o novo rumo do algod\u00e3o e dos gr\u00e3os\u00a0<\/strong><\/h2>\n<p>Uma das maiores mudan\u00e7as pr\u00e1ticas da BrasilAgro diante desse cen\u00e1rio ocorreu no cultivo do algod\u00e3o, onde a companhia cortou em 70% a \u00e1rea de plantio tradicional. Com o apoio de sistemas digitais e monitoramento via sat\u00e9lite, a empresa priorizou apenas as zonas que possuem irriga\u00e7\u00e3o artificial controlada. Essa decis\u00e3o estrat\u00e9gica evitou perdas em \u00e1reas de sequeiro, onde a volatilidade clim\u00e1tica e o alto custo de capital por hectare tornavam a opera\u00e7\u00e3o invi\u00e1vel em um ambiente de juros elevados.<\/p>\n<p>Os resultados financeiros comprovaram o acerto da cautela, j\u00e1 que o algod\u00e3o pluma registrou margem negativa no ciclo anterior. Por outro lado, o uso de maquin\u00e1rio inteligente e sementes de alta tecnologia impulsionou frentes mais rent\u00e1veis, como a soja e o milho, cujas margens avan\u00e7aram consideravelmente. A gest\u00e3o de risco da companhia tamb\u00e9m eliminou do calend\u00e1rio as \u00e1reas agr\u00edcolas rec\u00e9m-abertas, que s\u00e3o altamente vulner\u00e1veis a <a href=\"https:\/\/olhardigital.com.br\/2026\/09\/01\/ciencia-e-espaco\/super-el-nino-2026-especialista-alerta-para-secas-na-amazonia-ondas-de-calor-e-risco-de-tornados-no-brasil\/\" target=\"_blank\" rel=\"noreferrer noopener\">secas <\/a>prolongadas por ainda n\u00e3o terem a fertilidade do solo totalmente consolidada.<\/p>\n<p>Al\u00e9m do mapeamento avan\u00e7ado de solo, a frota de tratores e plantadeiras recebeu atualiza\u00e7\u00f5es com piloto autom\u00e1tico e GPS de alta precis\u00e3o. Ressaltando o papel da inova\u00e7\u00e3o, Gaspar destaca que a tecnologia se tornou uma grande aliada ao cruzar dados de sat\u00e9lite e empregar drones para identificar pragas e estresse h\u00eddrico antes mesmo que o olho humano perceba o problema. Isso permite agir rapidamente, economizar recursos e garantir que a semeadura aconte\u00e7a rigorosamente dentro da janela clim\u00e1tica ideal.<\/p>\n<figure class=\"wp-block-image size-large\"><img loading=\"lazy\" decoding=\"async\" width=\"1024\" height=\"682\" src=\"https:\/\/ilheusnews.com.br\/wp-content\/uploads\/2026\/09\/algodo-1024x682-1.jpg\" alt=\"Colheita de algod\u00e3o em Mato Grosso exp\u00f5e desafios enfrentados pela BrasilAgro no exerc\u00edcio encerrado em junho de 2026, antes das mudan\u00e7as para a pr\u00f3xima safra.\" class=\"wp-image-1370073\" srcset=\"https:\/\/img.odcdn.com.br\/wp-content\/uploads\/2026\/09\/algodo-1024x682.jpg 1024w, https:\/\/img.odcdn.com.br\/wp-content\/uploads\/2026\/09\/algodo-300x200.jpg 300w, https:\/\/img.odcdn.com.br\/wp-content\/uploads\/2026\/09\/algodo-768x512.jpg 768w, https:\/\/img.odcdn.com.br\/wp-content\/uploads\/2026\/09\/algodo-150x100.jpg 150w, https:\/\/img.odcdn.com.br\/wp-content\/uploads\/2026\/09\/algodo.jpg 1400w\" sizes=\"auto, (max-width: 1024px) 100vw, 1024px\"><figcaption class=\"wp-element-caption\">Colheita de algod\u00e3o em Mato Grosso exp\u00f5e desafios enfrentados pela BrasilAgro no exerc\u00edcio encerrado em junho de 2026, antes das mudan\u00e7as para a pr\u00f3xima safra. \u2013 Cr\u00e9dito: PARALAXIS \u2013 Shutterstock<\/figcaption><\/figure>\n<h2 class=\"wp-block-heading\" id=\"h-sustentabilidade-portfolio-redesenhado-e-resiliencia-diante-do-el-nino-nbsp\"><strong>Sustentabilidade, portf\u00f3lio redesenhado e resili\u00eancia diante do El Ni\u00f1o\u00a0<\/strong><\/h2>\n<p>Com uma \u00e1rea total mantida em 165,2 mil hectares, a empresa redesenhou todo o seu portf\u00f3lio de culturas, encerrando o feij\u00e3o safrinha e ampliando as pastagens destinadas \u00e0 pecu\u00e1ria. Modelos de manejo inteligente, como a rota\u00e7\u00e3o de culturas e a cobertura de solo com palha para reter a umidade, inspiram-se em polos agr\u00edcolas de alta efici\u00eancia no pa\u00eds, a exemplo da irriga\u00e7\u00e3o sustent\u00e1vel no oeste baiano e das pesquisas da Embrapa no Centro-Oeste.<\/p>\n<p>Para o especialista, contra a for\u00e7a da natureza, a melhor resposta do setor produtivo \u00e9 a uni\u00e3o de tr\u00eas pilares fundamentais. A tecnologia de ponta, o planejamento financeiro estruturado e a sustentabilidade formam o ecossistema necess\u00e1rio para blindar os neg\u00f3cios agr\u00edcolas contra crises severas e assegurar a previsibilidade da safra.<\/p>\n<p>O balan\u00e7o anual da companhia fechou com preju\u00edzo l\u00edquido de 90 milh\u00f5es de reais, influenciado pela queda nas vendas de terras e perdas pontuais na cana-de-a\u00e7\u00facar. Contudo, o forte avan\u00e7o no EBITDA operacional e os ajustes tecnol\u00f3gicos demonstram que o agroneg\u00f3cio est\u00e1 cada vez mais digital, resiliente e preparado para superar os desafios impostos pelas oscila\u00e7\u00f5es do clima global.<\/p>\n<p class=\"has-small-font-size\"><em>Com informa\u00e7\u00f5es da revista <\/em><a href=\"https:\/\/exame.com\/agro\/a-brasilagro-mudou-a-estrategia-para-2026-27-e-o-el-nino-tem-a-ver-com-isso\/\" target=\"_blank\" rel=\"noreferrer noopener sponsored nofollow\"><em>Exame<\/em><\/a><em>.<\/em><\/p>\n<p>O post <a href=\"https:\/\/olhardigital.com.br\/2026\/09\/04\/ciencia-e-espaco\/clima\/como-o-el-nino-pode-afetar-o-seu-bolso\/\">Como o El Ni\u00f1o pode afetar o seu bolso<\/a> apareceu primeiro em <a href=\"https:\/\/olhardigital.com.br\/\">Olhar Digital<\/a>.<\/p>\n<\/div>\n","protected":false},"excerpt":{"rendered":"<p>A agricultura moderna est\u00e1 passando por grandes transforma\u00e7\u00f5es tecnol\u00f3gicas e clim\u00e1ticas. Diante da previs\u00e3o de forte intensidade do fen\u00f4meno El Ni\u00f1o, a Companhia Brasileira de Propriedades Agr\u00edcolas (BrasilAgro) redesenhou sua estrat\u00e9gia de plantio para a safra de 2026 e 2027. O objetivo central \u00e9 utilizar a tecnologia, o monitoramento de dados e a gest\u00e3o de<\/p>\n","protected":false},"author":6,"featured_media":15238,"comment_status":"closed","ping_status":"closed","sticky":false,"template":"","format":"standard","meta":{"fifu_image_url":"https:\/\/olhardigital.com.br\/wp-content\/uploads\/2026\/06\/el-nio-no-agro-1024x594.jpg","fifu_image_alt":"Como o El Ni\u00f1o pode afetar o seu bolso","footnotes":""},"categories":[33],"tags":[],"class_list":["post-15237","post","type-post","status-publish","format-standard","has-post-thumbnail","hentry","category-noticias"],"_links":{"self":[{"href":"https:\/\/ilheusnews.com.br\/index.php?rest_route=\/wp\/v2\/posts\/15237","targetHints":{"allow":["GET"]}}],"collection":[{"href":"https:\/\/ilheusnews.com.br\/index.php?rest_route=\/wp\/v2\/posts"}],"about":[{"href":"https:\/\/ilheusnews.com.br\/index.php?rest_route=\/wp\/v2\/types\/post"}],"author":[{"embeddable":true,"href":"https:\/\/ilheusnews.com.br\/index.php?rest_route=\/wp\/v2\/users\/6"}],"replies":[{"embeddable":true,"href":"https:\/\/ilheusnews.com.br\/index.php?rest_route=%2Fwp%2Fv2%2Fcomments&post=15237"}],"version-history":[{"count":0,"href":"https:\/\/ilheusnews.com.br\/index.php?rest_route=\/wp\/v2\/posts\/15237\/revisions"}],"wp:featuredmedia":[{"embeddable":true,"href":"https:\/\/ilheusnews.com.br\/index.php?rest_route=\/wp\/v2\/media\/15238"}],"wp:attachment":[{"href":"https:\/\/ilheusnews.com.br\/index.php?rest_route=%2Fwp%2Fv2%2Fmedia&parent=15237"}],"wp:term":[{"taxonomy":"category","embeddable":true,"href":"https:\/\/ilheusnews.com.br\/index.php?rest_route=%2Fwp%2Fv2%2Fcategories&post=15237"},{"taxonomy":"post_tag","embeddable":true,"href":"https:\/\/ilheusnews.com.br\/index.php?rest_route=%2Fwp%2Fv2%2Ftags&post=15237"}],"curies":[{"name":"wp","href":"https:\/\/api.w.org\/{rel}","templated":true}]}}