{"id":15231,"date":"2026-09-04T18:05:44","date_gmt":"2026-09-04T21:05:44","guid":{"rendered":"https:\/\/ilheusnews.com.br\/?p=15231"},"modified":"2026-09-04T18:05:44","modified_gmt":"2026-09-04T21:05:44","slug":"dailton-filho-recebe-titulo-de-prefeito-inovador-2026-por-avancos-na-gestao-digital","status":"publish","type":"post","link":"https:\/\/ilheusnews.com.br\/?p=15231","title":{"rendered":"Dailton Filho recebe t\u00edtulo de Prefeito Inovador 2026 por avan\u00e7os na gest\u00e3o digital"},"content":{"rendered":"<div>O prefeito de Madre de Deus, Dailton Filho, foi reconhecido com o t\u00edtulo de \u201cPrefeito Inovador 2026\u201d, durante o F\u00f3rum de Cidades Digitais e Inteligentes de Mata de S\u00e3o Jo\u00e3o, realizado nesta quinta-feira (3), no Centro de Conven\u00e7\u00f5es de Praia do Forte, em Mata de S\u00e3o Jo\u00e3o. A homenagem \u00e9 concedida pela Rede Cidade Digital, respons\u00e1vel pela realiza\u00e7\u00e3o do F\u00f3rum, a gestores municipais que se destacam pela ado\u00e7\u00e3o de iniciativas de inova\u00e7\u00e3o e tecnologia voltadas \u00e0 moderniza\u00e7\u00e3o da administra\u00e7\u00e3o p\u00fablica e \u00e0 melhoria dos servi\u00e7os oferecidos \u00e0 popula\u00e7\u00e3o. (Foto ilustra\u00e7\u00e3o) No caso de Madre de Deus, o reconhecimento est\u00e1 relacionado \u00e0s a\u00e7\u00f5es de moderniza\u00e7\u00e3o implementadas pela gest\u00e3o municipal, com destaque para o \u201cConecta Madre\u201d, iniciativa que busca ampliar a transforma\u00e7\u00e3o digital do munic\u00edpio e tornar os processos da administra\u00e7\u00e3o p\u00fablica mais modernos, eficientes e conectados \u00e0s necessidades dos cidad\u00e3os. De acordo com a organiza\u00e7\u00e3o do evento, o t\u00edtulo considera administra\u00e7\u00f5es que investem em tecnologia de forma estrat\u00e9gica, utilizando novas ferramentas e pr\u00e1ticas para produzir resultados positivos para o setor p\u00fablico e para a vida da popula\u00e7\u00e3o. Para Dailton Filho, o reconhecimento representa o resultado de um trabalho constru\u00eddo coletivamente e refor\u00e7a o compromisso de Madre de Deus com uma gest\u00e3o cada vez mais moderna. A participa\u00e7\u00e3o no F\u00f3rum tamb\u00e9m proporcionou a troca de experi\u00eancias com gestores e representantes de munic\u00edpios que v\u00eam adotando solu\u00e7\u00f5es inovadoras na administra\u00e7\u00e3o p\u00fablica. A proposta \u00e9 fortalecer o interc\u00e2mbio de boas pr\u00e1ticas e ampliar a discuss\u00e3o sobre o futuro das cidades inteligentes. O t\u00edtulo de Prefeito Inovador 2026 se soma \u00e0s iniciativas da Prefeitura de Madre de Deus voltadas \u00e0 transforma\u00e7\u00e3o digital e reafirma a busca da gest\u00e3o por uma administra\u00e7\u00e3o mais eficiente, tecnol\u00f3gica, acess\u00edvel e conectada com a popula\u00e7\u00e3o. (Ascom\/PMMD)<\/div>\n","protected":false},"excerpt":{"rendered":"<p>O prefeito de Madre de Deus, Dailton Filho, foi reconhecido com o t\u00edtulo de \u201cPrefeito Inovador 2026\u201d, durante o F\u00f3rum de Cidades Digitais e Inteligentes de Mata de S\u00e3o Jo\u00e3o, realizado nesta quinta-feira (3), no Centro de Conven\u00e7\u00f5es de Praia do Forte, em Mata de S\u00e3o Jo\u00e3o. A homenagem \u00e9 concedida pela Rede Cidade Digital,<\/p>\n","protected":false},"author":8,"featured_media":0,"comment_status":"closed","ping_status":"closed","sticky":false,"template":"","format":"standard","meta":{"fifu_image_url":"","fifu_image_alt":"","footnotes":""},"categories":[33],"tags":[],"class_list":["post-15231","post","type-post","status-publish","format-standard","hentry","category-noticias"],"_links":{"self":[{"href":"https:\/\/ilheusnews.com.br\/index.php?rest_route=\/wp\/v2\/posts\/15231","targetHints":{"allow":["GET"]}}],"collection":[{"href":"https:\/\/ilheusnews.com.br\/index.php?rest_route=\/wp\/v2\/posts"}],"about":[{"href":"https:\/\/ilheusnews.com.br\/index.php?rest_route=\/wp\/v2\/types\/post"}],"author":[{"embeddable":true,"href":"https:\/\/ilheusnews.com.br\/index.php?rest_route=\/wp\/v2\/users\/8"}],"replies":[{"embeddable":true,"href":"https:\/\/ilheusnews.com.br\/index.php?rest_route=%2Fwp%2Fv2%2Fcomments&post=15231"}],"version-history":[{"count":0,"href":"https:\/\/ilheusnews.com.br\/index.php?rest_route=\/wp\/v2\/posts\/15231\/revisions"}],"wp:attachment":[{"href":"https:\/\/ilheusnews.com.br\/index.php?rest_route=%2Fwp%2Fv2%2Fmedia&parent=15231"}],"wp:term":[{"taxonomy":"category","embeddable":true,"href":"https:\/\/ilheusnews.com.br\/index.php?rest_route=%2Fwp%2Fv2%2Fcategories&post=15231"},{"taxonomy":"post_tag","embeddable":true,"href":"https:\/\/ilheusnews.com.br\/index.php?rest_route=%2Fwp%2Fv2%2Ftags&post=15231"}],"curies":[{"name":"wp","href":"https:\/\/api.w.org\/{rel}","templated":true}]}}