{"id":15230,"date":"2026-09-04T18:05:42","date_gmt":"2026-09-04T21:05:42","guid":{"rendered":"https:\/\/ilheusnews.com.br\/?p=15230"},"modified":"2026-09-04T18:05:42","modified_gmt":"2026-09-04T21:05:42","slug":"comissao-aprova-porte-de-arma-para-agentes-socioeducativos-e-oficiais-de-justica","status":"publish","type":"post","link":"https:\/\/ilheusnews.com.br\/?p=15230","title":{"rendered":"Comiss\u00e3o aprova porte de arma para agentes socioeducativos e oficiais de Justi\u00e7a"},"content":{"rendered":"<div>A Comiss\u00e3o de Finan\u00e7as e Tributa\u00e7\u00e3o da C\u00e2mara dos Deputados aprovou o Projeto de Lei 4256\/19, do Senado, que autoriza o porte de arma de fogo para agentes de seguran\u00e7a socioeducativos e oficiais de justi\u00e7a. O relator, deputado Emanuel Pinheiro Neto (PSD-MT), recomendou a aprova\u00e7\u00e3o. Segundo ele, a eventual isen\u00e7\u00e3o da taxa de porte de arma para essas categorias, conforme previsto no texto, n\u00e3o causar\u00e1 impacto financeiro relevante. A proposta altera o Estatuto do Desarmamento. \u201cDesta forma, viabiliza-se o desempenho das fun\u00e7\u00f5es desses profissionais e, ao mesmo tempo, resguarda-se a integridade f\u00edsica\u201d, disse o autor, senador Fabiano Contarato (Rede-ES). Regras Pelo projeto aprovado, os agentes respons\u00e1veis pela seguran\u00e7a, vigil\u00e2ncia, cust\u00f3dia e escolta de adolescentes e os oficiais de justi\u00e7a ter\u00e3o direito ao porte de arma tanto em servi\u00e7o quanto fora dele. As armas poder\u00e3o ser particulares ou fornecidas pela institui\u00e7\u00e3o \u00e0 qual os profissionais est\u00e3o ligados. Conforme a proposta, ser\u00e1 proibido o uso ostensivo da arma pelos agentes de seguran\u00e7a socioeducativos \u2013 ou seja, as armas dever\u00e3o ser escondidas na vestimenta. Pr\u00f3ximos passos O projeto ainda ser\u00e1 analisado, em car\u00e1ter conclusivo, pela Comiss\u00e3o de Constitui\u00e7\u00e3o e Justi\u00e7a e de Cidadania. Para virar lei, o texto ter\u00e1 de ser aprovado sem altera\u00e7\u00f5es pela C\u00e2mara. Caso contr\u00e1rio, voltar\u00e1 para nova an\u00e1lise do Senado. (Ag\u00eancia C\u00e2mara)<\/div>\n","protected":false},"excerpt":{"rendered":"<p>A Comiss\u00e3o de Finan\u00e7as e Tributa\u00e7\u00e3o da C\u00e2mara dos Deputados aprovou o Projeto de Lei 4256\/19, do Senado, que autoriza o porte de arma de fogo para agentes de seguran\u00e7a socioeducativos e oficiais de justi\u00e7a. O relator, deputado Emanuel Pinheiro Neto (PSD-MT), recomendou a aprova\u00e7\u00e3o. Segundo ele, a eventual isen\u00e7\u00e3o da taxa de porte de<\/p>\n","protected":false},"author":8,"featured_media":0,"comment_status":"closed","ping_status":"closed","sticky":false,"template":"","format":"standard","meta":{"fifu_image_url":"","fifu_image_alt":"","footnotes":""},"categories":[33],"tags":[],"class_list":["post-15230","post","type-post","status-publish","format-standard","hentry","category-noticias"],"_links":{"self":[{"href":"https:\/\/ilheusnews.com.br\/index.php?rest_route=\/wp\/v2\/posts\/15230","targetHints":{"allow":["GET"]}}],"collection":[{"href":"https:\/\/ilheusnews.com.br\/index.php?rest_route=\/wp\/v2\/posts"}],"about":[{"href":"https:\/\/ilheusnews.com.br\/index.php?rest_route=\/wp\/v2\/types\/post"}],"author":[{"embeddable":true,"href":"https:\/\/ilheusnews.com.br\/index.php?rest_route=\/wp\/v2\/users\/8"}],"replies":[{"embeddable":true,"href":"https:\/\/ilheusnews.com.br\/index.php?rest_route=%2Fwp%2Fv2%2Fcomments&post=15230"}],"version-history":[{"count":0,"href":"https:\/\/ilheusnews.com.br\/index.php?rest_route=\/wp\/v2\/posts\/15230\/revisions"}],"wp:attachment":[{"href":"https:\/\/ilheusnews.com.br\/index.php?rest_route=%2Fwp%2Fv2%2Fmedia&parent=15230"}],"wp:term":[{"taxonomy":"category","embeddable":true,"href":"https:\/\/ilheusnews.com.br\/index.php?rest_route=%2Fwp%2Fv2%2Fcategories&post=15230"},{"taxonomy":"post_tag","embeddable":true,"href":"https:\/\/ilheusnews.com.br\/index.php?rest_route=%2Fwp%2Fv2%2Ftags&post=15230"}],"curies":[{"name":"wp","href":"https:\/\/api.w.org\/{rel}","templated":true}]}}