{"id":15229,"date":"2026-09-04T18:05:40","date_gmt":"2026-09-04T21:05:40","guid":{"rendered":"https:\/\/ilheusnews.com.br\/?p=15229"},"modified":"2026-09-04T18:05:40","modified_gmt":"2026-09-04T21:05:40","slug":"com-apoio-da-prefeitura-7a-marcha-trans-da-bahia-ocorre-neste-sabado-5-na-barra","status":"publish","type":"post","link":"https:\/\/ilheusnews.com.br\/?p=15229","title":{"rendered":"Com apoio da Prefeitura, 7\u00aa Marcha Trans da Bahia ocorre neste s\u00e1bado (5) na Barra"},"content":{"rendered":"<div>A 7\u00aa Marcha Trans da Bahia ocorre neste s\u00e1bado (5) em Salvador, com concentra\u00e7\u00e3o a partir das 14h, no Porto da Barra. O evento conta com apoio da Prefeitura, por meio da Funda\u00e7\u00e3o Greg\u00f3rio de Mattos (FGM), atrav\u00e9s do Edital Culturas Populares: Festas e Mestres. A marcha seguir\u00e1 at\u00e9 o Farol da Barra. (Foto ilustra\u00e7\u00e3o) Realizado pela Associa\u00e7\u00e3o Baiana de Travestis, Transexuais e Transg\u00eaneros em A\u00e7\u00e3o (Atra\u00e7\u00e3o), o evento chega \u00e0 s\u00e9tima edi\u00e7\u00e3o com o tema \u201cBahia \u00e9 democracia. E na democracia n\u00e3o cabe transfobia\u201d. A programa\u00e7\u00e3o gratuita re\u00fane representantes do movimento trans e atividades culturais. Para a gerente de Patrim\u00f4nio Cultural da FGM, Roberta Santucci, o apoio \u00e0 iniciativa tamb\u00e9m passa pelo reconhecimento das diferentes manifesta\u00e7\u00f5es que integram a cultura da cidade. \u201cA 7\u00aa Marcha Trans da Bahia reafirma a diversidade como parte fundamental da cultura e da identidade de Salvador. Ao ocupar as ruas com arte, m\u00fasica, dan\u00e7a, percuss\u00e3o e celebra\u00e7\u00e3o, a marcha fortalece mem\u00f3rias, saberes, express\u00f5es e modos de vida que tamb\u00e9m constituem o patrim\u00f4nio cultural vivo da nossa cidade\u201d, afirma. Segundo a gerente, o apoio da Funda\u00e7\u00e3o Greg\u00f3rio de Mattos \u00e0 marcha \u00e9 tamb\u00e9m um reconhecimento da pot\u00eancia cultural da popula\u00e7\u00e3o trans e travesti e contribui para mais visibilidade dessas pessoas. \u201c\u00c9, sobretudo, celebrar a identidade, o pertencimento e o direito \u00e0 cidade\u201d, conclui Roberta. A concentra\u00e7\u00e3o come\u00e7a \u00e0s 14h e o show de abertura, com Manu Ella, est\u00e1 previsto para as 15h. Ap\u00f3s as falas de representantes e lideran\u00e7as do movimento, a marcha sai \u00e0s 17h30 em dire\u00e7\u00e3o ao Farol da Barra, com apresenta\u00e7\u00e3o de Elora. A programa\u00e7\u00e3o segue com Capoeira Vogue, \u00e0s 18h20, e termina \u00e0s 19h. O evento integra a Semana da Diversidade Trans, que tamb\u00e9m re\u00fane, entre os dias 3 e 5 de setembro, encontros, semin\u00e1rio e oficina de cartazes no Casar\u00e3o da Diversidade, no Centro Hist\u00f3rico. (secom\/PMS)<\/div>\n","protected":false},"excerpt":{"rendered":"<p>A 7\u00aa Marcha Trans da Bahia ocorre neste s\u00e1bado (5) em Salvador, com concentra\u00e7\u00e3o a partir das 14h, no Porto da Barra. O evento conta com apoio da Prefeitura, por meio da Funda\u00e7\u00e3o Greg\u00f3rio de Mattos (FGM), atrav\u00e9s do Edital Culturas Populares: Festas e Mestres. A marcha seguir\u00e1 at\u00e9 o Farol da Barra. (Foto ilustra\u00e7\u00e3o)<\/p>\n","protected":false},"author":8,"featured_media":0,"comment_status":"closed","ping_status":"closed","sticky":false,"template":"","format":"standard","meta":{"fifu_image_url":"","fifu_image_alt":"","footnotes":""},"categories":[33],"tags":[],"class_list":["post-15229","post","type-post","status-publish","format-standard","hentry","category-noticias"],"_links":{"self":[{"href":"https:\/\/ilheusnews.com.br\/index.php?rest_route=\/wp\/v2\/posts\/15229","targetHints":{"allow":["GET"]}}],"collection":[{"href":"https:\/\/ilheusnews.com.br\/index.php?rest_route=\/wp\/v2\/posts"}],"about":[{"href":"https:\/\/ilheusnews.com.br\/index.php?rest_route=\/wp\/v2\/types\/post"}],"author":[{"embeddable":true,"href":"https:\/\/ilheusnews.com.br\/index.php?rest_route=\/wp\/v2\/users\/8"}],"replies":[{"embeddable":true,"href":"https:\/\/ilheusnews.com.br\/index.php?rest_route=%2Fwp%2Fv2%2Fcomments&post=15229"}],"version-history":[{"count":0,"href":"https:\/\/ilheusnews.com.br\/index.php?rest_route=\/wp\/v2\/posts\/15229\/revisions"}],"wp:attachment":[{"href":"https:\/\/ilheusnews.com.br\/index.php?rest_route=%2Fwp%2Fv2%2Fmedia&parent=15229"}],"wp:term":[{"taxonomy":"category","embeddable":true,"href":"https:\/\/ilheusnews.com.br\/index.php?rest_route=%2Fwp%2Fv2%2Fcategories&post=15229"},{"taxonomy":"post_tag","embeddable":true,"href":"https:\/\/ilheusnews.com.br\/index.php?rest_route=%2Fwp%2Fv2%2Ftags&post=15229"}],"curies":[{"name":"wp","href":"https:\/\/api.w.org\/{rel}","templated":true}]}}