{"id":15210,"date":"2026-09-04T12:03:19","date_gmt":"2026-09-04T15:03:19","guid":{"rendered":"https:\/\/ilheusnews.com.br\/?p=15210"},"modified":"2026-09-04T12:03:19","modified_gmt":"2026-09-04T15:03:19","slug":"salvador-mp-vai-acompanhas-projeto-que-pode-ampliar-gratuidade-nos-onibus","status":"publish","type":"post","link":"https:\/\/ilheusnews.com.br\/?p=15210","title":{"rendered":"Salvador: MP vai acompanhas projeto que pode ampliar gratuidade nos \u00f4nibus"},"content":{"rendered":"<div>O Minist\u00e9rio P\u00fablico (MP) instaurou procedimento administrativo para acompanhar a conclus\u00e3o do processo legislativo do Projeto de Lei n\u00ba 40\/2024, aprovado pela C\u00e2mara Municipal de Salvador em dezembro de 2024. De autoria do vereador George Gordinho da Favela (PP), a proposta altera a legisla\u00e7\u00e3o municipal para reduzir de 65 para 60 anos a idade m\u00ednima para gratuidade no transporte coletivo urbano da capital. A mat\u00e9ria foi aprovada pelo Legislativo municipal em 17 de dezembro de 2024 e encaminhada para san\u00e7\u00e3o do prefeito Bruno Reis (Uni\u00e3o Brasil). O projeto altera a Lei Municipal n\u00ba 6.900\/2005 e, conforme informa\u00e7\u00f5es divulgadas \u00e0 \u00e9poca, tamb\u00e9m prev\u00ea mudan\u00e7as relacionadas \u00e0 meia passagem estudantil. A promotora de Justi\u00e7a, N\u00edvia Carvalho Andrade, determinou que o procedimento acompanhe especialmente se o projeto foi sancionado, vetado ou eventualmente sancionado de forma t\u00e1cita, al\u00e9m de verificar sua implementa\u00e7\u00e3o caso tenha se transformado em lei. A iniciativa ocorre diante da aus\u00eancia, at\u00e9 a instaura\u00e7\u00e3o do procedimento, de uma defini\u00e7\u00e3o sobre o desfecho da proposta aprovada pela C\u00e2mara. (Da Reda\u00e7\u00e3o\/ foto ilustra\u00e7\u00e3o)<\/div>\n","protected":false},"excerpt":{"rendered":"<p>O Minist\u00e9rio P\u00fablico (MP) instaurou procedimento administrativo para acompanhar a conclus\u00e3o do processo legislativo do Projeto de Lei n\u00ba 40\/2024, aprovado pela C\u00e2mara Municipal de Salvador em dezembro de 2024. De autoria do vereador George Gordinho da Favela (PP), a proposta altera a legisla\u00e7\u00e3o municipal para reduzir de 65 para 60 anos a idade m\u00ednima<\/p>\n","protected":false},"author":8,"featured_media":0,"comment_status":"closed","ping_status":"closed","sticky":false,"template":"","format":"standard","meta":{"fifu_image_url":"","fifu_image_alt":"","footnotes":""},"categories":[33],"tags":[],"class_list":["post-15210","post","type-post","status-publish","format-standard","hentry","category-noticias"],"_links":{"self":[{"href":"https:\/\/ilheusnews.com.br\/index.php?rest_route=\/wp\/v2\/posts\/15210","targetHints":{"allow":["GET"]}}],"collection":[{"href":"https:\/\/ilheusnews.com.br\/index.php?rest_route=\/wp\/v2\/posts"}],"about":[{"href":"https:\/\/ilheusnews.com.br\/index.php?rest_route=\/wp\/v2\/types\/post"}],"author":[{"embeddable":true,"href":"https:\/\/ilheusnews.com.br\/index.php?rest_route=\/wp\/v2\/users\/8"}],"replies":[{"embeddable":true,"href":"https:\/\/ilheusnews.com.br\/index.php?rest_route=%2Fwp%2Fv2%2Fcomments&post=15210"}],"version-history":[{"count":0,"href":"https:\/\/ilheusnews.com.br\/index.php?rest_route=\/wp\/v2\/posts\/15210\/revisions"}],"wp:attachment":[{"href":"https:\/\/ilheusnews.com.br\/index.php?rest_route=%2Fwp%2Fv2%2Fmedia&parent=15210"}],"wp:term":[{"taxonomy":"category","embeddable":true,"href":"https:\/\/ilheusnews.com.br\/index.php?rest_route=%2Fwp%2Fv2%2Fcategories&post=15210"},{"taxonomy":"post_tag","embeddable":true,"href":"https:\/\/ilheusnews.com.br\/index.php?rest_route=%2Fwp%2Fv2%2Ftags&post=15210"}],"curies":[{"name":"wp","href":"https:\/\/api.w.org\/{rel}","templated":true}]}}