{"id":15205,"date":"2026-09-04T06:05:08","date_gmt":"2026-09-04T09:05:08","guid":{"rendered":"https:\/\/ilheusnews.com.br\/?p=15205"},"modified":"2026-09-04T06:05:08","modified_gmt":"2026-09-04T09:05:08","slug":"ilheus-cidade-recebe-triathlon-cup-international-2026-nos-dias-5-e-6-de-setembro","status":"publish","type":"post","link":"https:\/\/ilheusnews.com.br\/?p=15205","title":{"rendered":"Ilh\u00e9us: Cidade recebe Triathlon Cup International 2026 nos dias 5 e 6 de setembro"},"content":{"rendered":"<div>Atletas amadores e de alto rendimento de mais de 15 pa\u00edses estar\u00e3o reunidos em Ilh\u00e9us nos dias 5 e 6 de setembro para disputar o Ilh\u00e9us Triathlon Cup International 2026. A programa\u00e7\u00e3o ser\u00e1 dividida entre s\u00e1bado e domingo, com provas \u00e0 tarde no primeiro dia e pela manh\u00e3 no segundo.\u00a0(Foto ilustra\u00e7\u00e3o) Desporto No s\u00e1bado (5), a programa\u00e7\u00e3o ser\u00e1 dedicada \u00e0s categorias Age Group, com provas de diferentes dist\u00e2ncias. A partir das 13h, haver\u00e1 a largada do Super Sprint Festival, seguida, \u00e0s 14h, pelas provas Start Long, Standard e Aquabike. \u00c0s 15h15, ser\u00e1 a vez da categoria Sprint. No domingo (6), entram em cena os competidores de alto rendimento. A largada da Elite Feminina est\u00e1 marcada para as 7h, enquanto a Elite Masculina larga \u00e0s 9h. A cerim\u00f4nia de premia\u00e7\u00e3o das categorias de alto rendimento ser\u00e1 realizada \u00e0s 10h30, com premia\u00e7\u00e3o total de US$ 10 mil. Os percursos passam por alguns dos principais cart\u00f5es-postais de Ilh\u00e9us. A nata\u00e7\u00e3o ser\u00e1 realizada em \u00e1guas abertas, na Praia do Cristo. No ciclismo, os atletas atravessar\u00e3o a Ponte Jorge Amado. J\u00e1 a corrida acontece pela Avenida Dois de Julho. A programa\u00e7\u00e3o tamb\u00e9m inclui a premia\u00e7\u00e3o dos campe\u00f5es gerais do Age Group no s\u00e1bado e, no domingo, a partir das 15h, a entrega dos pr\u00eamios aos atletas amadores por categoria de idade. Realizada pela Triathlon Bahia, a competi\u00e7\u00e3o conta com apoio da Prefeitura de Ilh\u00e9us e deve movimentar a cidade durante o fim de semana, reunindo atletas, equipes e p\u00fablico em diferentes pontos do munic\u00edpio. (diariobahia)<\/div>\n","protected":false},"excerpt":{"rendered":"<p>Atletas amadores e de alto rendimento de mais de 15 pa\u00edses estar\u00e3o reunidos em Ilh\u00e9us nos dias 5 e 6 de setembro para disputar o Ilh\u00e9us Triathlon Cup International 2026. A programa\u00e7\u00e3o ser\u00e1 dividida entre s\u00e1bado e domingo, com provas \u00e0 tarde no primeiro dia e pela manh\u00e3 no segundo.\u00a0(Foto ilustra\u00e7\u00e3o) Desporto No s\u00e1bado (5),<\/p>\n","protected":false},"author":8,"featured_media":0,"comment_status":"closed","ping_status":"closed","sticky":false,"template":"","format":"standard","meta":{"fifu_image_url":"","fifu_image_alt":"","footnotes":""},"categories":[33],"tags":[],"class_list":["post-15205","post","type-post","status-publish","format-standard","hentry","category-noticias"],"_links":{"self":[{"href":"https:\/\/ilheusnews.com.br\/index.php?rest_route=\/wp\/v2\/posts\/15205","targetHints":{"allow":["GET"]}}],"collection":[{"href":"https:\/\/ilheusnews.com.br\/index.php?rest_route=\/wp\/v2\/posts"}],"about":[{"href":"https:\/\/ilheusnews.com.br\/index.php?rest_route=\/wp\/v2\/types\/post"}],"author":[{"embeddable":true,"href":"https:\/\/ilheusnews.com.br\/index.php?rest_route=\/wp\/v2\/users\/8"}],"replies":[{"embeddable":true,"href":"https:\/\/ilheusnews.com.br\/index.php?rest_route=%2Fwp%2Fv2%2Fcomments&post=15205"}],"version-history":[{"count":0,"href":"https:\/\/ilheusnews.com.br\/index.php?rest_route=\/wp\/v2\/posts\/15205\/revisions"}],"wp:attachment":[{"href":"https:\/\/ilheusnews.com.br\/index.php?rest_route=%2Fwp%2Fv2%2Fmedia&parent=15205"}],"wp:term":[{"taxonomy":"category","embeddable":true,"href":"https:\/\/ilheusnews.com.br\/index.php?rest_route=%2Fwp%2Fv2%2Fcategories&post=15205"},{"taxonomy":"post_tag","embeddable":true,"href":"https:\/\/ilheusnews.com.br\/index.php?rest_route=%2Fwp%2Fv2%2Ftags&post=15205"}],"curies":[{"name":"wp","href":"https:\/\/api.w.org\/{rel}","templated":true}]}}