{"id":15201,"date":"2026-09-04T00:01:08","date_gmt":"2026-09-04T03:01:08","guid":{"rendered":"https:\/\/ilheusnews.com.br\/?p=15201"},"modified":"2026-09-04T00:01:08","modified_gmt":"2026-09-04T03:01:08","slug":"confira-o-olhar-digital-news-na-integra-03-09-2026","status":"publish","type":"post","link":"https:\/\/ilheusnews.com.br\/?p=15201","title":{"rendered":"Confira o Olhar Digital News na \u00edntegra (03\/09\/2026)"},"content":{"rendered":"<div>\n<p>Veja os destaques do\u00a0<strong>Olhar Digital News<\/strong>\u00a0desta quinta-feira (03\/09).<\/p>\n<h2 class=\"wp-block-heading\" id=\"h-el-nino-deve-atingir-pico-no-fim-do-ano-alerta-onu\">El Ni\u00f1o deve atingir pico no fim do ano, alerta ONU<\/h2>\n<p>Um novo alerta da Organiza\u00e7\u00e3o Meteorol\u00f3gica Mundial refor\u00e7a a possibilidade de forma\u00e7\u00e3o de um Super El Ni\u00f1o. De acordo com o \u00f3rg\u00e3o, ligado \u00e0 ONU, o fen\u00f4meno clim\u00e1tico j\u00e1 est\u00e1 estabelecido e deve ganhar for\u00e7a nos pr\u00f3ximos meses, podendo chegar a uma intensidade muito forte.<\/p>\n<h2 class=\"wp-block-heading\" id=\"h-apagao-digital-chatgpt-claude-e-grok-ficam-fora-do-ar-simultaneamente\">Apag\u00e3o digital? ChatGPT, Claude e Grok ficam fora do ar simultaneamente<\/h2>\n<p>Voc\u00ea tentou usar algum chatbot de IA nesta quinta-feira (03) e n\u00e3o conseguiu? Pois saiba que o problema n\u00e3o foi a sua rede. O ChatGPT, o Claude e o Grok sa\u00edram do ar quase ao mesmo tempo, desencadeando um travamento em cadeia na web. <\/p>\n<h2 class=\"wp-block-heading\" id=\"h-gpt-6-astra-openai-lanca-ia-superpoderosa\">GPT-6 Astra: OpenAI lan\u00e7a IA \u201csuperpoderosa\u201d<\/h2>\n<p>A OpenAI apresentou nesta quinta-feira (03) o GPT-6 Astra, novo modelo de intelig\u00eancia artificial que, segundo a empresa, representa um salto de gera\u00e7\u00e3o. Greg Brockman, presidente da companhia, afirmou que a ferramenta pode marcar a chegada da intelig\u00eancia artificial geral.<\/p>\n<h2 class=\"wp-block-heading\" id=\"h-missao-bepicolombo-inicia-fase-decisiva-rumo-a-mercurio\">Miss\u00e3o BepiColombo inicia fase decisiva rumo a Merc\u00fario<\/h2>\n<p>A miss\u00e3o BepiColombo chegou a uma etapa decisiva de sua jornada rumo a Merc\u00fario nesta quinta-feira (03). Ap\u00f3s quase oito anos viajando pelo Sistema Solar interno, o m\u00f3dulo MTM foi separado com sucesso do conjunto da espa\u00e7onave, a mais de 200 milh\u00f5es de quil\u00f4metros da Terra.<\/p>\n<p>O post <a href=\"https:\/\/olhardigital.com.br\/2026\/09\/03\/videos\/confira-o-olhar-digital-news-na-integra-03-09-2026\/\">Confira o Olhar Digital News na \u00edntegra (03\/09\/2026)<\/a> apareceu primeiro em <a href=\"https:\/\/olhardigital.com.br\/\">Olhar Digital<\/a>.<\/p>\n<\/div>\n","protected":false},"excerpt":{"rendered":"<p>Veja os destaques do\u00a0Olhar Digital News\u00a0desta quinta-feira (03\/09). El Ni\u00f1o deve atingir pico no fim do ano, alerta ONU Um novo alerta da Organiza\u00e7\u00e3o Meteorol\u00f3gica Mundial refor\u00e7a a possibilidade de forma\u00e7\u00e3o de um Super El Ni\u00f1o. De acordo com o \u00f3rg\u00e3o, ligado \u00e0 ONU, o fen\u00f4meno clim\u00e1tico j\u00e1 est\u00e1 estabelecido e deve ganhar for\u00e7a nos<\/p>\n","protected":false},"author":6,"featured_media":0,"comment_status":"closed","ping_status":"closed","sticky":false,"template":"","format":"standard","meta":{"fifu_image_url":"","fifu_image_alt":"","footnotes":""},"categories":[33],"tags":[],"class_list":["post-15201","post","type-post","status-publish","format-standard","hentry","category-noticias"],"_links":{"self":[{"href":"https:\/\/ilheusnews.com.br\/index.php?rest_route=\/wp\/v2\/posts\/15201","targetHints":{"allow":["GET"]}}],"collection":[{"href":"https:\/\/ilheusnews.com.br\/index.php?rest_route=\/wp\/v2\/posts"}],"about":[{"href":"https:\/\/ilheusnews.com.br\/index.php?rest_route=\/wp\/v2\/types\/post"}],"author":[{"embeddable":true,"href":"https:\/\/ilheusnews.com.br\/index.php?rest_route=\/wp\/v2\/users\/6"}],"replies":[{"embeddable":true,"href":"https:\/\/ilheusnews.com.br\/index.php?rest_route=%2Fwp%2Fv2%2Fcomments&post=15201"}],"version-history":[{"count":0,"href":"https:\/\/ilheusnews.com.br\/index.php?rest_route=\/wp\/v2\/posts\/15201\/revisions"}],"wp:attachment":[{"href":"https:\/\/ilheusnews.com.br\/index.php?rest_route=%2Fwp%2Fv2%2Fmedia&parent=15201"}],"wp:term":[{"taxonomy":"category","embeddable":true,"href":"https:\/\/ilheusnews.com.br\/index.php?rest_route=%2Fwp%2Fv2%2Fcategories&post=15201"},{"taxonomy":"post_tag","embeddable":true,"href":"https:\/\/ilheusnews.com.br\/index.php?rest_route=%2Fwp%2Fv2%2Ftags&post=15201"}],"curies":[{"name":"wp","href":"https:\/\/api.w.org\/{rel}","templated":true}]}}