{"id":15172,"date":"2026-09-03T18:01:53","date_gmt":"2026-09-03T21:01:53","guid":{"rendered":"https:\/\/ilheusnews.com.br\/?p=15172"},"modified":"2026-09-03T18:01:53","modified_gmt":"2026-09-03T21:01:53","slug":"ci-aprova-inflacao-como-limite-de-reajuste-de-conta-de-luz","status":"publish","type":"post","link":"https:\/\/ilheusnews.com.br\/?p=15172","title":{"rendered":"CI aprova infla\u00e7\u00e3o como limite de reajuste de conta de luz"},"content":{"rendered":"<div>A Comiss\u00e3o de Servi\u00e7os de Infraestrutura (CI) aprovou, na quarta-feira (2),\u00a0projeto que estabelece a infla\u00e7\u00e3o como teto para os reajustes anuais das tarifas de energia el\u00e9trica, salvo exce\u00e7\u00f5es devidamente justificadas.\u00a0O texto ainda cria um regime especial para frear aumentos tarif\u00e1rios em estados da Regi\u00e3o Norte. Agora, a Comiss\u00e3o de Assuntos Econ\u00f4micos (CAE) analisar\u00e1 a proposta\u00a0 terminativamente \u2014 que n\u00e3o passar\u00e1 em Plen\u00e1rio, salvo se houver recurso. (Foto ilustra\u00e7\u00e3o) O\u00a0PL 170\/2026 determina que a Ag\u00eancia Nacional de Energia El\u00e9trica (Aneel) adote \u00edndice ou metodologia para os reajustes anuais das tarifas de energia el\u00e9trica, v\u00e1lido igualmente para todo o pa\u00eds \u2014 o que n\u00e3o ocorre hoje. Entre os crit\u00e9rios, est\u00e3o: \u2013 \u00edndice oficial de infla\u00e7\u00e3o ao consumidor como percentual m\u00e1ximo do reajuste; \u2013 modera\u00e7\u00e3o e previsibilidade do reajuste; \u2013 equil\u00edbrio entre concession\u00e1rias e regi\u00f5es do pa\u00eds. O relator, senador Chico Rodrigues (PSB-RR), apontou a discrep\u00e2ncia no aumento da conta de luz entre o estado de Roraima e a m\u00e9dia nacional. \u2014 [Para Roraima] A ANEEL aprovou reajuste tarif\u00e1rio anual com impacto m\u00e9dio de 24,13% para o ano de 2026. A proje\u00e7\u00e3o da Aneel para este ano \u00e9 que os reajustes no fornecimento de energia el\u00e9trica sejam, em m\u00e9dia, de 8%, contra uma infla\u00e7\u00e3o estimada de 3,9%.\u00a0 As distribuidoras de energia que tiverem reajustes acima do limite dever\u00e3o ter o contrato suspenso. O resultado deve manter uma tarifa justa e o equil\u00edbrio econ\u00f4mico-financeiro do contrato. (Ag\u00eancia Senado)<\/div>\n","protected":false},"excerpt":{"rendered":"<p>A Comiss\u00e3o de Servi\u00e7os de Infraestrutura (CI) aprovou, na quarta-feira (2),\u00a0projeto que estabelece a infla\u00e7\u00e3o como teto para os reajustes anuais das tarifas de energia el\u00e9trica, salvo exce\u00e7\u00f5es devidamente justificadas.\u00a0O texto ainda cria um regime especial para frear aumentos tarif\u00e1rios em estados da Regi\u00e3o Norte. Agora, a Comiss\u00e3o de Assuntos Econ\u00f4micos (CAE) analisar\u00e1 a proposta\u00a0<\/p>\n","protected":false},"author":8,"featured_media":0,"comment_status":"closed","ping_status":"closed","sticky":false,"template":"","format":"standard","meta":{"fifu_image_url":"","fifu_image_alt":"","footnotes":""},"categories":[33],"tags":[],"class_list":["post-15172","post","type-post","status-publish","format-standard","hentry","category-noticias"],"_links":{"self":[{"href":"https:\/\/ilheusnews.com.br\/index.php?rest_route=\/wp\/v2\/posts\/15172","targetHints":{"allow":["GET"]}}],"collection":[{"href":"https:\/\/ilheusnews.com.br\/index.php?rest_route=\/wp\/v2\/posts"}],"about":[{"href":"https:\/\/ilheusnews.com.br\/index.php?rest_route=\/wp\/v2\/types\/post"}],"author":[{"embeddable":true,"href":"https:\/\/ilheusnews.com.br\/index.php?rest_route=\/wp\/v2\/users\/8"}],"replies":[{"embeddable":true,"href":"https:\/\/ilheusnews.com.br\/index.php?rest_route=%2Fwp%2Fv2%2Fcomments&post=15172"}],"version-history":[{"count":0,"href":"https:\/\/ilheusnews.com.br\/index.php?rest_route=\/wp\/v2\/posts\/15172\/revisions"}],"wp:attachment":[{"href":"https:\/\/ilheusnews.com.br\/index.php?rest_route=%2Fwp%2Fv2%2Fmedia&parent=15172"}],"wp:term":[{"taxonomy":"category","embeddable":true,"href":"https:\/\/ilheusnews.com.br\/index.php?rest_route=%2Fwp%2Fv2%2Fcategories&post=15172"},{"taxonomy":"post_tag","embeddable":true,"href":"https:\/\/ilheusnews.com.br\/index.php?rest_route=%2Fwp%2Fv2%2Ftags&post=15172"}],"curies":[{"name":"wp","href":"https:\/\/api.w.org\/{rel}","templated":true}]}}