{"id":15171,"date":"2026-09-03T18:01:50","date_gmt":"2026-09-03T21:01:50","guid":{"rendered":"https:\/\/ilheusnews.com.br\/?p=15171"},"modified":"2026-09-03T18:01:50","modified_gmt":"2026-09-03T21:01:50","slug":"dailton-filho-fortalece-grupo-politico-e-inauguracao-do-comite-de-lidice-e-angelo-movimenta-madre-de-deus","status":"publish","type":"post","link":"https:\/\/ilheusnews.com.br\/?p=15171","title":{"rendered":"Dailton Filho fortalece grupo pol\u00edtico e inaugura\u00e7\u00e3o do comit\u00ea de L\u00eddice e Angelo movimenta Madre de Deus"},"content":{"rendered":"<div>Em ato pol\u00edtico realizado no Clube do Suape, a inaugura\u00e7\u00e3o do comit\u00ea de L\u00eddice da Mata, candidata a deputada federal, e Angelo Almeida, candidato a deputado estadual, reuniu lideran\u00e7as pol\u00edticas e comunit\u00e1rias e marcou mais um passo na mobiliza\u00e7\u00e3o em Madre de Deus em torno do time de Jer\u00f4nimo Rodrigues e Lula. O movimento liderado pelo prefeito Dailton Filho, conta com o apoio da vereadora e presidente da C\u00e2mara Municipal, Mirlene Dourado, e dos vereadores Jilvan Valad\u00e3o e Daniel Coruja, al\u00e9m do vice-prefeito Amilton Pereira, do presidente do PT municipal, Joj\u00f3, e de outras lideran\u00e7as pol\u00edticas, comunit\u00e1rias e militantes. A presen\u00e7a do grupo refor\u00e7a a articula\u00e7\u00e3o e amplia o di\u00e1logo em torno de candidaturas que t\u00eam contribu\u00eddo para aproximar o munic\u00edpio de outras esferas de governo. (Foto ilustra\u00e7\u00e3o) O recado \u00e9 direto: Madre de Deus n\u00e3o quer voltar para tr\u00e1s. Ao lado de Dailton Filho e das demais lideran\u00e7as que integram o grupo pol\u00edtico, L\u00eddice e Angelo representam a continuidade de uma articula\u00e7\u00e3o que tem mantido Madre de Deus pr\u00f3xima dos governos estadual e federal, contribuindo para a chegada de investimentos, a\u00e7\u00f5es e projetos para a cidade. Para o prefeito, a escolha tamb\u00e9m passa pelo reconhecimento de quem esteve presente e ajudou a construir os avan\u00e7os alcan\u00e7ados at\u00e9 aqui. A aposta \u00e9 seguir fortalecendo parcerias com quem demonstra disposi\u00e7\u00e3o para trabalhar pelo munic\u00edpio. Afinal, resultado n\u00e3o se constr\u00f3i apenas com discurso: se constr\u00f3i com parceria, presen\u00e7a e compromisso. \u00c9 justamente essa mensagem que vem ganhando for\u00e7a entre lideran\u00e7as pol\u00edticas e comunit\u00e1rias que acompanham o grupo de Dailton Filho. A defesa \u00e9 pela continuidade de uma parceria que aproxima Madre de Deus do governo estadual e federal e de representantes comprometidos com as demandas da popula\u00e7\u00e3o, refor\u00e7ando um projeto pol\u00edtico baseado na continuidade do trabalho e na constru\u00e7\u00e3o de novos resultados para o munic\u00edpio. E a mobiliza\u00e7\u00e3o continua nesta quinta-feira (3), no comit\u00ea localizado na Rua Francisco Leit\u00e3o, com a realiza\u00e7\u00e3o do Adesiva\u00e7o, reunindo apoiadores para levar \u00e0s ruas a mensagem de uni\u00e3o e continuidade. A a\u00e7\u00e3o amplia a presen\u00e7a de L\u00eddice da Mata e Angelo Almeida no munic\u00edpio e demonstra a for\u00e7a do grupo pol\u00edtico que vem se consolidando em torno de Dailton Filho. (Ascom\/PMMD)<\/div>\n","protected":false},"excerpt":{"rendered":"<p>Em ato pol\u00edtico realizado no Clube do Suape, a inaugura\u00e7\u00e3o do comit\u00ea de L\u00eddice da Mata, candidata a deputada federal, e Angelo Almeida, candidato a deputado estadual, reuniu lideran\u00e7as pol\u00edticas e comunit\u00e1rias e marcou mais um passo na mobiliza\u00e7\u00e3o em Madre de Deus em torno do time de Jer\u00f4nimo Rodrigues e Lula. O movimento liderado<\/p>\n","protected":false},"author":8,"featured_media":0,"comment_status":"closed","ping_status":"closed","sticky":false,"template":"","format":"standard","meta":{"fifu_image_url":"","fifu_image_alt":"","footnotes":""},"categories":[33],"tags":[],"class_list":["post-15171","post","type-post","status-publish","format-standard","hentry","category-noticias"],"_links":{"self":[{"href":"https:\/\/ilheusnews.com.br\/index.php?rest_route=\/wp\/v2\/posts\/15171","targetHints":{"allow":["GET"]}}],"collection":[{"href":"https:\/\/ilheusnews.com.br\/index.php?rest_route=\/wp\/v2\/posts"}],"about":[{"href":"https:\/\/ilheusnews.com.br\/index.php?rest_route=\/wp\/v2\/types\/post"}],"author":[{"embeddable":true,"href":"https:\/\/ilheusnews.com.br\/index.php?rest_route=\/wp\/v2\/users\/8"}],"replies":[{"embeddable":true,"href":"https:\/\/ilheusnews.com.br\/index.php?rest_route=%2Fwp%2Fv2%2Fcomments&post=15171"}],"version-history":[{"count":0,"href":"https:\/\/ilheusnews.com.br\/index.php?rest_route=\/wp\/v2\/posts\/15171\/revisions"}],"wp:attachment":[{"href":"https:\/\/ilheusnews.com.br\/index.php?rest_route=%2Fwp%2Fv2%2Fmedia&parent=15171"}],"wp:term":[{"taxonomy":"category","embeddable":true,"href":"https:\/\/ilheusnews.com.br\/index.php?rest_route=%2Fwp%2Fv2%2Fcategories&post=15171"},{"taxonomy":"post_tag","embeddable":true,"href":"https:\/\/ilheusnews.com.br\/index.php?rest_route=%2Fwp%2Fv2%2Ftags&post=15171"}],"curies":[{"name":"wp","href":"https:\/\/api.w.org\/{rel}","templated":true}]}}