{"id":15149,"date":"2026-09-03T12:00:51","date_gmt":"2026-09-03T15:00:51","guid":{"rendered":"https:\/\/ilheusnews.com.br\/?p=15149"},"modified":"2026-09-03T12:00:51","modified_gmt":"2026-09-03T15:00:51","slug":"alcolumbre-frustra-governo-lula-e-deixa-fim-da-6x1-para-depois-do-1o-turno-da-eleicao","status":"publish","type":"post","link":"https:\/\/ilheusnews.com.br\/?p=15149","title":{"rendered":"Alcolumbre frustra governo Lula e deixa fim da 6\u00d71 para depois do 1\u00ba turno da elei\u00e7\u00e3o"},"content":{"rendered":"<div>O presidente do Senado, Davi Alcolumbre (Uni\u00e3o Brasil-AP-Foto), frustrou o governo e deixou para depois do primeiro turno da elei\u00e7\u00e3o a conclus\u00e3o da vota\u00e7\u00e3o da PEC (Proposta de Emenda \u00e0 Constitui\u00e7\u00e3o) que acaba com a escala 6\u00d71. O presidente Luiz In\u00e1cio Lula da Silva (PT) tentar\u00e1 agora convencer o l\u00edder do Congresso a colocar o texto em vota\u00e7\u00e3o at\u00e9 o esperado segundo turno da elei\u00e7\u00e3o presidencial. Oficialmente, integrantes do governo Lula dizem que ainda h\u00e1 chance de vota\u00e7\u00e3o do fim da 6\u00d71 nesta quinta-feira (3). O ministro da Rela\u00e7\u00f5es Institucionais, Jos\u00e9 Guimar\u00e3es, afirmou ap\u00f3s conversa com Alcolumbre que \u201cainda h\u00e1 uma noite e uma manh\u00e3 inteiras\u201d para convencer o presidente do Senado a votar a proposta. Nos bastidores, por\u00e9m, integrantes da articula\u00e7\u00e3o pol\u00edtica do governo j\u00e1 assumem que n\u00e3o h\u00e1 chances de vota\u00e7\u00e3o antes do primeiro turno (em 4 de outubro). Alcolumbre avisou, segundo disse um deles, que n\u00e3o enxergava condi\u00e7\u00f5es de pautar a proposta agora, diante da resist\u00eancia de senadores de oposi\u00e7\u00e3o e de uma ala do centr\u00e3o ao texto. A l\u00edder do governo no Senado, Teresa Leit\u00e3o (PT-PE), diz que o acordo de Alcolumbre com o governo n\u00e3o inclu\u00eda a pauta do plen\u00e1rio, mas o encaminhamento de um conjunto de projetos considerados importantes para o governo, como o projeto de lei dos minerais cr\u00edticos, a medida provis\u00f3ria da taxa das blusinhas e a PEC da Seguran\u00e7a P\u00fablica. O presidente do Senado considera que j\u00e1 atendeu parcialmente ao governo quando despachou a PEC para a CCJ (Comiss\u00e3o de Constitui\u00e7\u00e3o e Justi\u00e7a), onde foi aprovada nesta quarta (2). \u201cVamos concluir at\u00e9 amanh\u00e3 cinco mat\u00e9rias complicadas e complexas. Isso \u00e9 muito importante. Ele nunca disse que colocaria para votar, n\u00f3s \u00e9 que est\u00e1vamos na luta\u201d, disse Teresa Leit\u00e3o. Os governistas ainda tinham esperan\u00e7a de conseguir a promulga\u00e7\u00e3o antes do primeiro turno das elei\u00e7\u00f5es. A \u00fanica possibilidade de encurtar a tramita\u00e7\u00e3o de uma PEC no plen\u00e1rio, diz Teresa, \u00e9 por acordo. Ainda assim, na avalia\u00e7\u00e3o dela, n\u00e3o h\u00e1 rev\u00e9s para o governo. Esta \u00e9 a \u00faltima semana de funcionamento do Congresso antes do primeiro turno, por causa da campanha eleitoral. Dessa forma, propostas que n\u00e3o sejam votadas at\u00e9 esta quinta-feira (3) ficar\u00e3o para depois do pleito, uma vez que a sexta-feira (4) ser\u00e1 esvaziada. Como mostrou a Folha, os governistas j\u00e1 se preparavam para este cen\u00e1rio e haviam tra\u00e7ado como estrat\u00e9gia fortalecer a proposta de colocar o tema em vota\u00e7\u00e3o at\u00e9 o segundo turno (previsto para 25 de outubro). Apesar de frustrados, emiss\u00e1rios do Planalto dizem que a ordem \u00e9 manter a boa rela\u00e7\u00e3o com Alcolumbre, reconstru\u00edda neste m\u00eas ap\u00f3s o presidente do Senado ficar mais de tr\u00eas meses sem ser recebido por Lula, ap\u00f3s a Casa rejeitar a indica\u00e7\u00e3o do advogado-geral da Uni\u00e3o, Jorge Messias, ao STF (Supremo Tribunal Federal). Entra no c\u00e1lculo tamb\u00e9m que a manuten\u00e7\u00e3o da boa rela\u00e7\u00e3o de Lula com Alcolumbre \u00e9 crucial para garantir a vota\u00e7\u00e3o do fim da 6\u00d71 antes do 2\u00ba turno. A articula\u00e7\u00e3o pol\u00edtica do governo acredita que ainda pode obter uma vit\u00f3ria, emplacando tamb\u00e9m a vota\u00e7\u00e3o da PEC da Seguran\u00e7a P\u00fablica antes do prov\u00e1vel segundo turno na elei\u00e7\u00e3o presidencial. A PEC da Seguran\u00e7a tamb\u00e9m foi aprovada na CCJ, mas ficar\u00e1 para depois da elei\u00e7\u00e3o. (Augusto Ten\u00f3rio e Fernanda Brigatti\/JBr)<\/div>\n","protected":false},"excerpt":{"rendered":"<p>O presidente do Senado, Davi Alcolumbre (Uni\u00e3o Brasil-AP-Foto), frustrou o governo e deixou para depois do primeiro turno da elei\u00e7\u00e3o a conclus\u00e3o da vota\u00e7\u00e3o da PEC (Proposta de Emenda \u00e0 Constitui\u00e7\u00e3o) que acaba com a escala 6\u00d71. O presidente Luiz In\u00e1cio Lula da Silva (PT) tentar\u00e1 agora convencer o l\u00edder do Congresso a colocar o<\/p>\n","protected":false},"author":8,"featured_media":0,"comment_status":"closed","ping_status":"closed","sticky":false,"template":"","format":"standard","meta":{"fifu_image_url":"","fifu_image_alt":"","footnotes":""},"categories":[33],"tags":[],"class_list":["post-15149","post","type-post","status-publish","format-standard","hentry","category-noticias"],"_links":{"self":[{"href":"https:\/\/ilheusnews.com.br\/index.php?rest_route=\/wp\/v2\/posts\/15149","targetHints":{"allow":["GET"]}}],"collection":[{"href":"https:\/\/ilheusnews.com.br\/index.php?rest_route=\/wp\/v2\/posts"}],"about":[{"href":"https:\/\/ilheusnews.com.br\/index.php?rest_route=\/wp\/v2\/types\/post"}],"author":[{"embeddable":true,"href":"https:\/\/ilheusnews.com.br\/index.php?rest_route=\/wp\/v2\/users\/8"}],"replies":[{"embeddable":true,"href":"https:\/\/ilheusnews.com.br\/index.php?rest_route=%2Fwp%2Fv2%2Fcomments&post=15149"}],"version-history":[{"count":0,"href":"https:\/\/ilheusnews.com.br\/index.php?rest_route=\/wp\/v2\/posts\/15149\/revisions"}],"wp:attachment":[{"href":"https:\/\/ilheusnews.com.br\/index.php?rest_route=%2Fwp%2Fv2%2Fmedia&parent=15149"}],"wp:term":[{"taxonomy":"category","embeddable":true,"href":"https:\/\/ilheusnews.com.br\/index.php?rest_route=%2Fwp%2Fv2%2Fcategories&post=15149"},{"taxonomy":"post_tag","embeddable":true,"href":"https:\/\/ilheusnews.com.br\/index.php?rest_route=%2Fwp%2Fv2%2Ftags&post=15149"}],"curies":[{"name":"wp","href":"https:\/\/api.w.org\/{rel}","templated":true}]}}