{"id":15146,"date":"2026-09-03T12:00:43","date_gmt":"2026-09-03T15:00:43","guid":{"rendered":"https:\/\/ilheusnews.com.br\/?p=15146"},"modified":"2026-09-03T12:00:43","modified_gmt":"2026-09-03T15:00:43","slug":"acajutiba-jadiel-souza-tem-liminar-contra-contratacoes-indeferida","status":"publish","type":"post","link":"https:\/\/ilheusnews.com.br\/?p=15146","title":{"rendered":"Acajutiba: Jadiel Souza tem liminar contra contrata\u00e7\u00f5es indeferida"},"content":{"rendered":"<div>O prefeito de Acajutiba, Jadiel Souza (MDB \u2013 foto ilustra\u00e7\u00e3o), teve indeferido pelo TCM o pedido de medida cautelar que buscava suspender contrata\u00e7\u00f5es tempor\u00e1rias realizadas pela Prefeitura. A apura\u00e7\u00e3o aponta 234 admiss\u00f5es feitas no primeiro trimestre de 2026 sem registro de processo seletivo simplificado ou outro instrumento p\u00fablico de sele\u00e7\u00e3o. Apesar dos ind\u00edcios apontados, o TCM entendeu que n\u00e3o havia, neste momento, elementos suficientes para justificar uma interven\u00e7\u00e3o imediata. As contrata\u00e7\u00f5es questionadas j\u00e1 foram realizadas e, segundo a decis\u00e3o, n\u00e3o ficou demonstrado risco atual, concreto e iminente que justificasse a medida cautelar. O processo seguir\u00e1 para instru\u00e7\u00e3o, com garantia de contradit\u00f3rio e ampla defesa. Jadiel Souza, que n\u00e3o apresentou manifesta\u00e7\u00e3o dentro do prazo inicial de cinco dias, foi novamente notificado e ter\u00e1 agora 20 dias para apresentar defesa e esclarecer as circunst\u00e2ncias das 234 contrata\u00e7\u00f5es. (Da Reda\u00e7\u00e3o)<\/div>\n","protected":false},"excerpt":{"rendered":"<p>O prefeito de Acajutiba, Jadiel Souza (MDB \u2013 foto ilustra\u00e7\u00e3o), teve indeferido pelo TCM o pedido de medida cautelar que buscava suspender contrata\u00e7\u00f5es tempor\u00e1rias realizadas pela Prefeitura. A apura\u00e7\u00e3o aponta 234 admiss\u00f5es feitas no primeiro trimestre de 2026 sem registro de processo seletivo simplificado ou outro instrumento p\u00fablico de sele\u00e7\u00e3o. Apesar dos ind\u00edcios apontados, o<\/p>\n","protected":false},"author":8,"featured_media":0,"comment_status":"closed","ping_status":"closed","sticky":false,"template":"","format":"standard","meta":{"fifu_image_url":"","fifu_image_alt":"","footnotes":""},"categories":[33],"tags":[],"class_list":["post-15146","post","type-post","status-publish","format-standard","hentry","category-noticias"],"_links":{"self":[{"href":"https:\/\/ilheusnews.com.br\/index.php?rest_route=\/wp\/v2\/posts\/15146","targetHints":{"allow":["GET"]}}],"collection":[{"href":"https:\/\/ilheusnews.com.br\/index.php?rest_route=\/wp\/v2\/posts"}],"about":[{"href":"https:\/\/ilheusnews.com.br\/index.php?rest_route=\/wp\/v2\/types\/post"}],"author":[{"embeddable":true,"href":"https:\/\/ilheusnews.com.br\/index.php?rest_route=\/wp\/v2\/users\/8"}],"replies":[{"embeddable":true,"href":"https:\/\/ilheusnews.com.br\/index.php?rest_route=%2Fwp%2Fv2%2Fcomments&post=15146"}],"version-history":[{"count":0,"href":"https:\/\/ilheusnews.com.br\/index.php?rest_route=\/wp\/v2\/posts\/15146\/revisions"}],"wp:attachment":[{"href":"https:\/\/ilheusnews.com.br\/index.php?rest_route=%2Fwp%2Fv2%2Fmedia&parent=15146"}],"wp:term":[{"taxonomy":"category","embeddable":true,"href":"https:\/\/ilheusnews.com.br\/index.php?rest_route=%2Fwp%2Fv2%2Fcategories&post=15146"},{"taxonomy":"post_tag","embeddable":true,"href":"https:\/\/ilheusnews.com.br\/index.php?rest_route=%2Fwp%2Fv2%2Ftags&post=15146"}],"curies":[{"name":"wp","href":"https:\/\/api.w.org\/{rel}","templated":true}]}}