{"id":15145,"date":"2026-09-03T06:02:28","date_gmt":"2026-09-03T09:02:28","guid":{"rendered":"https:\/\/ilheusnews.com.br\/?p=15145"},"modified":"2026-09-03T06:02:28","modified_gmt":"2026-09-03T09:02:28","slug":"gremio-x-internacional-onde-assistir-horario-e-escalacoes-do-jogo-da-copa-do-brasil","status":"publish","type":"post","link":"https:\/\/ilheusnews.com.br\/?p=15145","title":{"rendered":"Gr\u00eamio x Internacional: onde assistir, hor\u00e1rio e escala\u00e7\u00f5es do jogo da Copa do Brasil"},"content":{"rendered":"<div>\n<p>Dia de Gre-Nal (com clima de decis\u00e3o)! Nesta<strong> quinta-feira\u00a0<\/strong>(3),\u00a0<strong>Gr\u00eamio e Internacional <\/strong>se enfrentam em duelo v\u00e1lido pelas\u00a0<strong>quartas de final (volta)\u00a0<\/strong>da<strong>\u00a0<a href=\"https:\/\/olhardigital.com.br\/tag\/copa-do-brasil\/\" target=\"_blank\" rel=\"noreferrer noopener\">Copa do Brasil<\/a>\u00a02026<\/strong>. A bola rola para a partida \u00e0s\u00a0<strong>20h <\/strong>(hor\u00e1rio de Bras\u00edlia) na<strong> Arena do Gr\u00eamio, em Porto Alegre (RS).<\/strong><\/p>\n<ul>\n<li><strong>Gr\u00eamio x Internacional<\/strong>:\n<ul>\n<li><strong>Competi\u00e7\u00e3o<\/strong>: Copa do Brasil<\/li>\n<li><strong>Fase<\/strong>: quartas de final (jogo de volta)<\/li>\n<li><strong>Agregado<\/strong>: 0 x 0<\/li>\n<li><strong>Data<\/strong>: 03\/09 (quinta-feira)<\/li>\n<li><strong>Hor\u00e1rio<\/strong>: 20h (hor\u00e1rio de Bras\u00edlia)<\/li>\n<li>\u200b<strong>Local<\/strong>: Arena do Gr\u00eamio, em Porto Alegre (RS).<\/li>\n<\/ul>\n<\/li>\n<\/ul>\n<p><a href=\"https:\/\/olhardigital.com.br\/esportes\/jogos\" target=\"_blank\" rel=\"noreferrer noopener\">Confira aqui a tabela com todos os jogos de hoje!<\/a><\/p>\n<h2 class=\"wp-block-heading\" id=\"h-onde-assistir-ao-gremio-x-internacional-na-copa-do-brasil-2026\">Onde assistir ao Gr\u00eamio x Internacional na Copa do Brasil 2026?<\/h2>\n<p>O jogo entre\u00a0<strong><strong>Gr\u00eamio e Internacional<\/strong><\/strong>\u00a0ter\u00e1\u00a0<strong>transmiss\u00e3o ao vivo no Prime Video.<\/strong><\/p>\n<p><strong>Para assinar o Premiere com sete dias gr\u00e1tis pelo Prime, clique\u00a0<a href=\"https:\/\/www.primevideo.com\/offers\/?benefitId=premierefcbr&amp;tag=odofertas-20\" target=\"_blank\" rel=\"noreferrer noopener sponsored nofollow\">aqui<\/a><\/strong><\/p>\n<p><strong>Prov\u00e1veis escala\u00e7\u00f5es e arbitragem:<\/strong><\/p>\n<ul>\n<li><strong>Gr\u00eamio:<\/strong>\u00a0Weverton; Diego Caito, Wallace, Gustavo Martins e Marlon; Villasanti, Noriega e Krovinovic; Jovane Cabral, Amuzu, Carlos Vin\u00edcius.\n<ul>\n<li><strong>T\u00e9cnico<\/strong>: Lu\u00eds Castro.<\/li>\n<\/ul>\n<\/li>\n<li><strong>Internacional:<\/strong>\u00a0Matheus Cunha; Mercado, Bruno Gomes e Marip\u00e1n; Aguirre, Paulinho, Villagra e Luiz Felipe; Alan Patrick, Vitinho e Carbonero.\n<ul>\n<li><strong>T\u00e9cnico<\/strong>: Paulo Pezzolano.<\/li>\n<\/ul>\n<\/li>\n<li><strong>Arbitragem:<\/strong>\n<ul>\n<li><strong>\u00c1rbitro<\/strong>: Bruno Arleu de Ara\u00fajo (RJ)<\/li>\n<li><strong>Assistentes<\/strong>: Rodrigo Figueiredo Henrique Correa (RJ) e Thiago Henrique Neto Correa Farinha (RJ)<\/li>\n<li><strong>VAR<\/strong>: Caio Max Augusto Vieira (RN).<\/li>\n<\/ul>\n<\/li>\n<\/ul>\n<p><em>As escala\u00e7\u00f5es confirmadas s\u00e3o divulgadas cerca de\u00a0uma hora antes do jogo.<\/em><\/p>\n<p><strong>Leia mais:<\/strong><\/p>\n<ul>\n<li><a href=\"https:\/\/olhardigital.com.br\/2022\/08\/24\/dicas-e-tutoriais\/futebol-ao-vivo-conheca-5-apps-para-assistir-aos-jogos-pelo-celular\/\" target=\"_blank\" rel=\"noreferrer noopener\">Futebol ao vivo no celular: aplicativos para assistir a jogos ao vivo<\/a><\/li>\n<li><a href=\"https:\/\/olhardigital.com.br\/2021\/01\/22\/dicas-e-tutoriais\/os-5-melhores-aplicativos-para-acompanhar-resultado-de-futebol-com-o-celular\/\" target=\"_blank\" rel=\"noreferrer noopener\">Resultado do futebol: veja os 5 melhores aplicativos<\/a><\/li>\n<li><a href=\"https:\/\/olhardigital.com.br\/2024\/02\/15\/tira-duvidas\/var-o-que-e-e-como-funciona-um-arbitro-de-video-no-futebol\/\" target=\"_blank\" rel=\"noreferrer noopener\">VAR: o que \u00e9 e como funciona um \u00e1rbitro de v\u00eddeo no futebol?<\/a><\/li>\n<\/ul>\n<h2 class=\"wp-block-heading\" id=\"h-gremio-e-internacional-na-atual-temporada\">Gr\u00eamio e Internacional na atual temporada<\/h2>\n<p>O Gr\u00eamio chega ao Gre-Nal com menos press\u00e3o ap\u00f3s vencer no Brasileir\u00e3o no fim de semana. Apesar do resultado, a atua\u00e7\u00e3o contra a Chapecoense ligou o alerta. Lu\u00eds Castro deve manter a forma\u00e7\u00e3o do primeiro cl\u00e1ssico, mas pode fazer mudan\u00e7as.<\/p>\n<p>O Internacional vive momento mais delicado. Ap\u00f3s entrar no Z4 com a derrota no Brasileir\u00e3o, o Colorado precisa avan\u00e7ar para aliviar a press\u00e3o. Uma elimina\u00e7\u00e3o para o maior rival pode aumentar a crise e colocar o cargo de Paulo Pezzolano em risco.<\/p>\n<p><a href=\"https:\/\/olhardigital.com.br\/esportes\/jogos\/\" target=\"_blank\" rel=\"noreferrer noopener\">N\u00e3o quer perder nenhuma partida do seu esporte preferido? Confira os jogos de hoje!<\/a><\/p>\n<p>O post <a href=\"https:\/\/olhardigital.com.br\/2026\/09\/03\/internet-e-redes-sociais\/gremio-x-internacional-onde-assistir-horario-e-escalacoes-do-jogo-da-copa-do-brasil\/\">Gr\u00eamio x Internacional: onde assistir, hor\u00e1rio e escala\u00e7\u00f5es do jogo da Copa do Brasil<\/a> apareceu primeiro em <a href=\"https:\/\/olhardigital.com.br\/\">Olhar Digital<\/a>.<\/p>\n<\/div>\n","protected":false},"excerpt":{"rendered":"<p>Dia de Gre-Nal (com clima de decis\u00e3o)! Nesta quinta-feira\u00a0(3),\u00a0Gr\u00eamio e Internacional se enfrentam em duelo v\u00e1lido pelas\u00a0quartas de final (volta)\u00a0da\u00a0Copa do Brasil\u00a02026. A bola rola para a partida \u00e0s\u00a020h (hor\u00e1rio de Bras\u00edlia) na Arena do Gr\u00eamio, em Porto Alegre (RS). Gr\u00eamio x Internacional: Competi\u00e7\u00e3o: Copa do Brasil Fase: quartas de final (jogo de volta) Agregado:<\/p>\n","protected":false},"author":6,"featured_media":0,"comment_status":"closed","ping_status":"closed","sticky":false,"template":"","format":"standard","meta":{"fifu_image_url":"","fifu_image_alt":"","footnotes":""},"categories":[33],"tags":[],"class_list":["post-15145","post","type-post","status-publish","format-standard","hentry","category-noticias"],"_links":{"self":[{"href":"https:\/\/ilheusnews.com.br\/index.php?rest_route=\/wp\/v2\/posts\/15145","targetHints":{"allow":["GET"]}}],"collection":[{"href":"https:\/\/ilheusnews.com.br\/index.php?rest_route=\/wp\/v2\/posts"}],"about":[{"href":"https:\/\/ilheusnews.com.br\/index.php?rest_route=\/wp\/v2\/types\/post"}],"author":[{"embeddable":true,"href":"https:\/\/ilheusnews.com.br\/index.php?rest_route=\/wp\/v2\/users\/6"}],"replies":[{"embeddable":true,"href":"https:\/\/ilheusnews.com.br\/index.php?rest_route=%2Fwp%2Fv2%2Fcomments&post=15145"}],"version-history":[{"count":0,"href":"https:\/\/ilheusnews.com.br\/index.php?rest_route=\/wp\/v2\/posts\/15145\/revisions"}],"wp:attachment":[{"href":"https:\/\/ilheusnews.com.br\/index.php?rest_route=%2Fwp%2Fv2%2Fmedia&parent=15145"}],"wp:term":[{"taxonomy":"category","embeddable":true,"href":"https:\/\/ilheusnews.com.br\/index.php?rest_route=%2Fwp%2Fv2%2Fcategories&post=15145"},{"taxonomy":"post_tag","embeddable":true,"href":"https:\/\/ilheusnews.com.br\/index.php?rest_route=%2Fwp%2Fv2%2Ftags&post=15145"}],"curies":[{"name":"wp","href":"https:\/\/api.w.org\/{rel}","templated":true}]}}