{"id":15144,"date":"2026-09-03T06:02:26","date_gmt":"2026-09-03T09:02:26","guid":{"rendered":"https:\/\/ilheusnews.com.br\/?p=15144"},"modified":"2026-09-03T06:02:26","modified_gmt":"2026-09-03T09:02:26","slug":"acordo-amplia-assistencia-juridica-eleitoral-gratuita-em-todo-o-pais","status":"publish","type":"post","link":"https:\/\/ilheusnews.com.br\/?p=15144","title":{"rendered":"Acordo amplia assist\u00eancia jur\u00eddica eleitoral gratuita em todo o pa\u00eds"},"content":{"rendered":"<div>O Tribunal Superior Eleitoral (TSE) e a Defensoria P\u00fablica da Uni\u00e3o (DPU) firmaram, na ter\u00e7a-feira (1\u00ba),\u00a0um\u00a0acordo de coopera\u00e7\u00e3o para ampliar a assist\u00eancia jur\u00eddica gratuita em mat\u00e9ria eleitoral em todo o pa\u00eds. A parceria fortalece a atua\u00e7\u00e3o do N\u00facleo Estrat\u00e9gico de Interioriza\u00e7\u00e3o Eleitoral (NEIE), criado pela DPU\u00a0para levar atendimento a\u00a0localidades onde a institui\u00e7\u00e3o n\u00e3o possui unidade f\u00edsica.\u00a0(Foto ilustra\u00e7\u00e3o) O acordo foi assinado pelo presidente do TSE,\u00a0Kassio\u00a0Nunes Marques, e pela defensora p\u00fablica-geral federal,\u00a0Tarcijany\u00a0Machado. A iniciativa busca garantir atendimento\u00a0jur\u00eddico\u00a0a pessoas que n\u00e3o t\u00eam condi\u00e7\u00f5es de contratar advogada ou advogado, inclusive em regi\u00f5es onde a DPU ainda n\u00e3o disp\u00f5e de estrutura f\u00edsica.\u00a0 Kassio\u00a0Nunes Marques destacou\u00a0a import\u00e2ncia da cria\u00e7\u00e3o do n\u00facleo para ampliar e coordenar a atua\u00e7\u00e3o da institui\u00e7\u00e3o.\u00a0\u201cA cria\u00e7\u00e3o do N\u00facleo Estrat\u00e9gico de Interioriza\u00e7\u00e3o Eleitoral constitui iniciativa de grande relev\u00e2ncia para assegurar a presen\u00e7a efetiva da Defensoria P\u00fablica da Uni\u00e3o perante a Justi\u00e7a Eleitoral em todo o territ\u00f3rio nacional\u201d, afirmou o ministro.\u00a0\u00a0 Atendimento remoto e atua\u00e7\u00e3o integrada\u00a0 O NEIE permitir\u00e1\u00a0que a DPU preste assist\u00eancia\u00a0jur\u00eddica de forma remota em localidades\u00a0onde n\u00e3o h\u00e1 unidade\u00a0f\u00edsica da\u00a0institui\u00e7\u00e3o. A estrutura tamb\u00e9m dever\u00e1 favorecer a atua\u00e7\u00e3o\u00a0articulada nas diferentes inst\u00e2ncias da Justi\u00e7a Eleitoral Para a defensora p\u00fablica-geral federal, o modelo \u00e9 necess\u00e1rio para superar limita\u00e7\u00f5es geogr\u00e1ficas que,\u00a0historicamente, dificultaram a presen\u00e7a da institui\u00e7\u00e3o em algumas regi\u00f5es. \u201cOnde n\u00e3o h\u00e1 uma unidade f\u00edsica da Defensoria, o n\u00facleo atuar\u00e1 de forma remota e verticalizada\u201d,\u00a0explicou.\u00a0 Tarcijany\u00a0ressaltou que a iniciativa pretende assegurar que a falta de estrutura\u00a0f\u00edsica n\u00e3o impe\u00e7a o acesso \u00e0 assist\u00eancia jur\u00eddica. \u201cPrecisamos garantir que ningu\u00e9m que necessite de assist\u00eancia jur\u00eddica gratuita em mat\u00e9ria eleitoral fique desamparado em nenhum canto do pa\u00eds\u201d, afirmou.\u00a0 Prote\u00e7\u00e3o a pessoas em situa\u00e7\u00e3o de vulnerabilidade\u00a0 A atua\u00e7\u00e3o do n\u00facleo dever\u00e1 alcan\u00e7ar especialmente pessoas e grupos que enfrentam maiores obst\u00e1culos de acesso \u00e0 Justi\u00e7a e \u00e0 participa\u00e7\u00e3o pol\u00edtica. Em seu pronunciamento,\u00a0Tarcijany\u00a0Linhares citou povos ind\u00edgenas, comunidades quilombolas, migrantes, pessoas refugiadas, popula\u00e7\u00f5es de fronteira, pessoas em situa\u00e7\u00e3o de rua e mulheres.\u00a0 Entre os temas que dever\u00e3o receber aten\u00e7\u00e3o,\u00a0est\u00e1\u00a0o enfrentamento\u00a0da\u00a0fraude \u00e0 cota de g\u00eanero,\u00a0da\u00a0viol\u00eancia pol\u00edtica contra candidatas e eleitoras e\u00a0do ass\u00e9dio eleitoral nas rela\u00e7\u00f5es de trabalho. \u201cN\u00e3o h\u00e1 democracia plena quando o medo ou a viol\u00eancia afasta algu\u00e9m da vida pol\u00edtica\u201d, afirmou a defensora p\u00fablica-geral federal.\u00a0 A parceria j\u00e1 dever\u00e1 produzir efeitos nas Elei\u00e7\u00f5es 2026. Para\u00a0a defensora, a amplia\u00e7\u00e3o da assist\u00eancia jur\u00eddica eleitoral contribui diretamente para fortalecer a participa\u00e7\u00e3o pol\u00edtica. \u201cA democracia se mede n\u00e3o apenas pela liberdade de quem tem voz, mas pela prote\u00e7\u00e3o que oferece a quem quase nunca \u00e9 ouvido\u201d, concluiu.\u00a0(Fonte: TSE)<\/div>\n","protected":false},"excerpt":{"rendered":"<p>O Tribunal Superior Eleitoral (TSE) e a Defensoria P\u00fablica da Uni\u00e3o (DPU) firmaram, na ter\u00e7a-feira (1\u00ba),\u00a0um\u00a0acordo de coopera\u00e7\u00e3o para ampliar a assist\u00eancia jur\u00eddica gratuita em mat\u00e9ria eleitoral em todo o pa\u00eds. A parceria fortalece a atua\u00e7\u00e3o do N\u00facleo Estrat\u00e9gico de Interioriza\u00e7\u00e3o Eleitoral (NEIE), criado pela DPU\u00a0para levar atendimento a\u00a0localidades onde a institui\u00e7\u00e3o n\u00e3o possui unidade<\/p>\n","protected":false},"author":8,"featured_media":0,"comment_status":"closed","ping_status":"closed","sticky":false,"template":"","format":"standard","meta":{"fifu_image_url":"","fifu_image_alt":"","footnotes":""},"categories":[33],"tags":[],"class_list":["post-15144","post","type-post","status-publish","format-standard","hentry","category-noticias"],"_links":{"self":[{"href":"https:\/\/ilheusnews.com.br\/index.php?rest_route=\/wp\/v2\/posts\/15144","targetHints":{"allow":["GET"]}}],"collection":[{"href":"https:\/\/ilheusnews.com.br\/index.php?rest_route=\/wp\/v2\/posts"}],"about":[{"href":"https:\/\/ilheusnews.com.br\/index.php?rest_route=\/wp\/v2\/types\/post"}],"author":[{"embeddable":true,"href":"https:\/\/ilheusnews.com.br\/index.php?rest_route=\/wp\/v2\/users\/8"}],"replies":[{"embeddable":true,"href":"https:\/\/ilheusnews.com.br\/index.php?rest_route=%2Fwp%2Fv2%2Fcomments&post=15144"}],"version-history":[{"count":0,"href":"https:\/\/ilheusnews.com.br\/index.php?rest_route=\/wp\/v2\/posts\/15144\/revisions"}],"wp:attachment":[{"href":"https:\/\/ilheusnews.com.br\/index.php?rest_route=%2Fwp%2Fv2%2Fmedia&parent=15144"}],"wp:term":[{"taxonomy":"category","embeddable":true,"href":"https:\/\/ilheusnews.com.br\/index.php?rest_route=%2Fwp%2Fv2%2Fcategories&post=15144"},{"taxonomy":"post_tag","embeddable":true,"href":"https:\/\/ilheusnews.com.br\/index.php?rest_route=%2Fwp%2Fv2%2Ftags&post=15144"}],"curies":[{"name":"wp","href":"https:\/\/api.w.org\/{rel}","templated":true}]}}