{"id":15143,"date":"2026-09-03T06:02:19","date_gmt":"2026-09-03T09:02:19","guid":{"rendered":"https:\/\/ilheusnews.com.br\/?p=15143"},"modified":"2026-09-03T06:02:19","modified_gmt":"2026-09-03T09:02:19","slug":"presidente-da-upb-pede-olhar-diferenciado-para-pequenos-municipios-que-sofrerao-impactos-do-el-nino","status":"publish","type":"post","link":"https:\/\/ilheusnews.com.br\/?p=15143","title":{"rendered":"Presidente da UPB pede olhar diferenciado para pequenos munic\u00edpios que sofrer\u00e3o impactos do El Nin\u00f5"},"content":{"rendered":"<div>A possibilidade de agravamento da estiagem, redu\u00e7\u00e3o das chuvas e aumento das temperaturas coloca os munic\u00edpios baianos em alerta com a chegada dos efeitos do El Ni\u00f1o. Prefeitos e prefeitas se reuniram na ter\u00e7a-feira (1\u00ba), no audit\u00f3rio da Uni\u00e3o dos Munic\u00edpios da Bahia (UPB), em Salvador, para discutir medidas de preven\u00e7\u00e3o e prepara\u00e7\u00e3o diante dos impactos que o fen\u00f4meno pode provocar. A previs\u00e3o \u00e9 que os efeitos do El Ni\u00f1o sejam agravados entre os \u00faltimos meses de 2026 e o in\u00edcio de 2027, com potencial para intensificar per\u00edodos de seca, comprometer o abastecimento de \u00e1gua, afetar a agricultura e pressionar a economia dos munic\u00edpios. O evento reuniu 590 participantes, entre presenciais e virtuais. (Foto ilustra\u00e7\u00e3o) O encontro foi promovido pela Secretaria Especial de Assuntos Federativos da Secretaria de Rela\u00e7\u00f5es Institucionais da Presid\u00eancia da Rep\u00fablica (SEAF\/SRI\/PR), em parceria com a UPB e o Governo do Estado da Bahia. A proposta foi ampliar o acesso dos munic\u00edpios a informa\u00e7\u00f5es, orienta\u00e7\u00f5es e medidas de preven\u00e7\u00e3o, al\u00e9m de aproximar as administra\u00e7\u00f5es municipais das estrat\u00e9gias adotadas pelos governos federal e estadual. O presidente da UPB, Wilson Cardoso\u00a0defendeu a import\u00e2ncia de a\u00e7\u00f5es conjuntas entre os governos federal, estadual e municipal, al\u00e9m de a\u00e7\u00f5es emergenciais, estudos e a libera\u00e7\u00e3o de uma cota extra do programa Garantia Safra para auxiliar os pequenos produtores atingidos pela estiagem. O gestor sugeriu tamb\u00e9m a desburocratiza\u00e7\u00e3o dos mecanismos de acesso a recursos e a\u00e7\u00f5es emergenciais, citando a retomada do Cart\u00e3o de Pagamento Defesa Civil como instrumento importante. Outro ponto destacado foi a import\u00e2ncia de parcerias com a Companhia de Engenharia H\u00eddrica e de Saneamento da Bahia (CERB) para a perfura\u00e7\u00e3o de po\u00e7os, al\u00e9m da instala\u00e7\u00e3o dos que j\u00e1 foram constru\u00eddos, mas ainda n\u00e3o foram instalados, e a parceria com EMBASA para libera\u00e7\u00e3o sem custos de carros pipas para abastecimento de \u00e1gua pot\u00e1vel. (Fonte: UPB)<\/div>\n","protected":false},"excerpt":{"rendered":"<p>A possibilidade de agravamento da estiagem, redu\u00e7\u00e3o das chuvas e aumento das temperaturas coloca os munic\u00edpios baianos em alerta com a chegada dos efeitos do El Ni\u00f1o. Prefeitos e prefeitas se reuniram na ter\u00e7a-feira (1\u00ba), no audit\u00f3rio da Uni\u00e3o dos Munic\u00edpios da Bahia (UPB), em Salvador, para discutir medidas de preven\u00e7\u00e3o e prepara\u00e7\u00e3o diante dos<\/p>\n","protected":false},"author":8,"featured_media":0,"comment_status":"closed","ping_status":"closed","sticky":false,"template":"","format":"standard","meta":{"fifu_image_url":"","fifu_image_alt":"","footnotes":""},"categories":[33],"tags":[],"class_list":["post-15143","post","type-post","status-publish","format-standard","hentry","category-noticias"],"_links":{"self":[{"href":"https:\/\/ilheusnews.com.br\/index.php?rest_route=\/wp\/v2\/posts\/15143","targetHints":{"allow":["GET"]}}],"collection":[{"href":"https:\/\/ilheusnews.com.br\/index.php?rest_route=\/wp\/v2\/posts"}],"about":[{"href":"https:\/\/ilheusnews.com.br\/index.php?rest_route=\/wp\/v2\/types\/post"}],"author":[{"embeddable":true,"href":"https:\/\/ilheusnews.com.br\/index.php?rest_route=\/wp\/v2\/users\/8"}],"replies":[{"embeddable":true,"href":"https:\/\/ilheusnews.com.br\/index.php?rest_route=%2Fwp%2Fv2%2Fcomments&post=15143"}],"version-history":[{"count":0,"href":"https:\/\/ilheusnews.com.br\/index.php?rest_route=\/wp\/v2\/posts\/15143\/revisions"}],"wp:attachment":[{"href":"https:\/\/ilheusnews.com.br\/index.php?rest_route=%2Fwp%2Fv2%2Fmedia&parent=15143"}],"wp:term":[{"taxonomy":"category","embeddable":true,"href":"https:\/\/ilheusnews.com.br\/index.php?rest_route=%2Fwp%2Fv2%2Fcategories&post=15143"},{"taxonomy":"post_tag","embeddable":true,"href":"https:\/\/ilheusnews.com.br\/index.php?rest_route=%2Fwp%2Fv2%2Ftags&post=15143"}],"curies":[{"name":"wp","href":"https:\/\/api.w.org\/{rel}","templated":true}]}}