{"id":15141,"date":"2026-09-03T06:02:04","date_gmt":"2026-09-03T09:02:04","guid":{"rendered":"https:\/\/ilheusnews.com.br\/?p=15141"},"modified":"2026-09-03T06:02:04","modified_gmt":"2026-09-03T09:02:04","slug":"tre-ba-lancara-programa-seu-voto-importa-nesta-sexta-04-09","status":"publish","type":"post","link":"https:\/\/ilheusnews.com.br\/?p=15141","title":{"rendered":"TRE-BA lan\u00e7ar\u00e1 programa \u201cSeu Voto Importa\u201d nesta sexta (04\/09)"},"content":{"rendered":"<div>O Tribunal Regional Eleitoral da Bahia (TRE-BA) lan\u00e7ar\u00e1, na pr\u00f3xima sexta-feira (4\/9), o programa \u201cSeu Voto Importa\u201d, iniciativa que prev\u00ea a oferta de transporte individual e gratuito para eleitoras e eleitores com defici\u00eancia ou mobilidade reduzida que n\u00e3o disponham de meios pr\u00f3prios para chegar ao local de vota\u00e7\u00e3o. A medida atende ao disposto na Resolu\u00e7\u00e3o TSE n\u00ba 23.753\/2026. (Foto ilustra\u00e7\u00e3o) A solenidade de lan\u00e7amento ser\u00e1 realizada \u00e0s 9h, na Sala de Sess\u00f5es do TRE-BA. Na Bahia, o projeto ser\u00e1 implantado inicialmente em Salvador, onde mais de 24 mil eleitoras e eleitores declararam possuir algum tipo de defici\u00eancia. Institu\u00eddo pelo Tribunal Superior Eleitoral (TSE), o programa tem o objetivo de reduzir barreiras de acessibilidade e facilitar o comparecimento \u00e0s urnas de pessoas com defici\u00eancia ou mobilidade reduzida. Na apresenta\u00e7\u00e3o do projeto-piloto baiano, ser\u00e3o apresentadas as estrat\u00e9gias desenvolvidas pelo TRE-BA para viabilizar o servi\u00e7o, al\u00e9m da p\u00e1gina que receber\u00e1 as inscri\u00e7\u00f5es das pessoas interessadas. Segundo a secret\u00e1ria da Presid\u00eancia e integrante da Comiss\u00e3o do Programa \u201cSeu Voto Importa\u201d, M\u00e1rcia Lopes, a implanta\u00e7\u00e3o da iniciativa exigiu um trabalho de planejamento e articula\u00e7\u00e3o com diferentes institui\u00e7\u00f5es. Na Bahia, 101.799 eleitoras e eleitores possuem algum tipo de defici\u00eancia registrada no cadastro eleitoral. Desse total, 62.599 est\u00e3o sujeitos ao voto obrigat\u00f3rio e 39.200 t\u00eam o voto facultativo, conforme os dados estat\u00edsticos do TSE. Entre as defici\u00eancias declaradas no Estado, 28.413 eleitoras e eleitores informaram defici\u00eancia de locomo\u00e7\u00e3o; 18.969, defici\u00eancia visual; 10.561, defici\u00eancia auditiva; e 4.294, dificuldade para o exerc\u00edcio do voto. Outros 50.578 declararam outros tipos de defici\u00eancia. Durante o lan\u00e7amento, o TRE-BA tamb\u00e9m apresentar\u00e1 a\u00e7\u00f5es e boas pr\u00e1ticas desenvolvidas pelo Tribunal para ampliar a acessibilidade e a inclus\u00e3o nos servi\u00e7os eleitorais. (Ascom\/TRE\/BA)<\/div>\n","protected":false},"excerpt":{"rendered":"<p>O Tribunal Regional Eleitoral da Bahia (TRE-BA) lan\u00e7ar\u00e1, na pr\u00f3xima sexta-feira (4\/9), o programa \u201cSeu Voto Importa\u201d, iniciativa que prev\u00ea a oferta de transporte individual e gratuito para eleitoras e eleitores com defici\u00eancia ou mobilidade reduzida que n\u00e3o disponham de meios pr\u00f3prios para chegar ao local de vota\u00e7\u00e3o. A medida atende ao disposto na Resolu\u00e7\u00e3o<\/p>\n","protected":false},"author":8,"featured_media":0,"comment_status":"closed","ping_status":"closed","sticky":false,"template":"","format":"standard","meta":{"fifu_image_url":"","fifu_image_alt":"","footnotes":""},"categories":[33],"tags":[],"class_list":["post-15141","post","type-post","status-publish","format-standard","hentry","category-noticias"],"_links":{"self":[{"href":"https:\/\/ilheusnews.com.br\/index.php?rest_route=\/wp\/v2\/posts\/15141","targetHints":{"allow":["GET"]}}],"collection":[{"href":"https:\/\/ilheusnews.com.br\/index.php?rest_route=\/wp\/v2\/posts"}],"about":[{"href":"https:\/\/ilheusnews.com.br\/index.php?rest_route=\/wp\/v2\/types\/post"}],"author":[{"embeddable":true,"href":"https:\/\/ilheusnews.com.br\/index.php?rest_route=\/wp\/v2\/users\/8"}],"replies":[{"embeddable":true,"href":"https:\/\/ilheusnews.com.br\/index.php?rest_route=%2Fwp%2Fv2%2Fcomments&post=15141"}],"version-history":[{"count":0,"href":"https:\/\/ilheusnews.com.br\/index.php?rest_route=\/wp\/v2\/posts\/15141\/revisions"}],"wp:attachment":[{"href":"https:\/\/ilheusnews.com.br\/index.php?rest_route=%2Fwp%2Fv2%2Fmedia&parent=15141"}],"wp:term":[{"taxonomy":"category","embeddable":true,"href":"https:\/\/ilheusnews.com.br\/index.php?rest_route=%2Fwp%2Fv2%2Fcategories&post=15141"},{"taxonomy":"post_tag","embeddable":true,"href":"https:\/\/ilheusnews.com.br\/index.php?rest_route=%2Fwp%2Fv2%2Ftags&post=15141"}],"curies":[{"name":"wp","href":"https:\/\/api.w.org\/{rel}","templated":true}]}}