{"id":15140,"date":"2026-09-03T06:01:49","date_gmt":"2026-09-03T09:01:49","guid":{"rendered":"https:\/\/ilheusnews.com.br\/?p=15140"},"modified":"2026-09-03T06:01:49","modified_gmt":"2026-09-03T09:01:49","slug":"como-amicus-curiae-no-stf-cnm-ira-contribuir-com-edicao-de-sumula-vinculante-que-freia-pautas-bomba","status":"publish","type":"post","link":"https:\/\/ilheusnews.com.br\/?p=15140","title":{"rendered":"Como amicus curiae no STF, CNM ir\u00e1 contribuir com edi\u00e7\u00e3o de S\u00famula Vinculante que freia pautas-bomba"},"content":{"rendered":"<div>A Confedera\u00e7\u00e3o Nacional de Munic\u00edpios (CNM), admitida como amicus curiae pelo Supremo Tribunal Federal (STF), ir\u00e1 contribuir para a constru\u00e7\u00e3o da Proposta de S\u00famula Vinculante (PSV) 150, que trata do impacto or\u00e7ament\u00e1rio de novas despesas. \u201cFoi deferido o ingresso, na qualidade de amici curiae, da Confedera\u00e7\u00e3o Nacional de Munic\u00edpios\u201d, destacou o ministro Edson Fachin, ao fazer a publica\u00e7\u00e3o do despacho de encaminhamento para edi\u00e7\u00e3o de verbete da S\u00famula apresentada pelo ministro Gilmar Mendes. (Foto ilustra\u00e7\u00e3o) A medida busca consolidar o entendimento da Corte sobre a necessidade de estimativa do impacto or\u00e7ament\u00e1rio e financeiro de leis que criem despesas obrigat\u00f3rias ou impliquem ren\u00fancia de receita. Fachin encaminhou o assunto para manifesta\u00e7\u00e3o da Comiss\u00e3o de Jurisprud\u00eancia, depois aos demais ministros e, no mesmo despacho, deixou a determina\u00e7\u00e3o para inclus\u00e3o em pauta assim que os prazos se esgotarem. \u201cA admiss\u00e3o de amicus curiae exige a relev\u00e2ncia da mat\u00e9ria, a representatividade adequada do postulante, bem como sua efetiva capacidade de contribui\u00e7\u00e3o institucional para o deslinde da controv\u00e9rsia constitucional\u201d, ressalta Fachin. A proposta decorre do entendimento da Corte de que o artigo 113 do Ato das Disposi\u00e7\u00f5es Constitucionais Transit\u00f3rias (ADCT), inserido pela Emenda Constitucional (EC) 95\/2016, tornou obrigat\u00f3ria a estimativa de impacto or\u00e7ament\u00e1rio e financeiro para a validade de leis que criem despesas ou concedam benef\u00edcios fiscais. O Ministro Gilmar Mendes explicou que o STF entende que essa exig\u00eancia deve ser observada por todos os entes da Federa\u00e7\u00e3o.\u00a0 A Confedera\u00e7\u00e3o explica que a s\u00famula vinculante \u00e9 um instrumento que consolida a jurisprud\u00eancia do STF a partir de reiteradas decis\u00f5es sobre mat\u00e9ria constitucional. Se aprovado, o enunciado ser\u00e1 de observ\u00e2ncia obrigat\u00f3ria pelos demais \u00f3rg\u00e3os do Poder Judici\u00e1rio e pela administra\u00e7\u00e3o p\u00fablica direta e indireta, nas esferas federal, estadual e municipal.\u00a0(Ascom\/CNM)<\/div>\n","protected":false},"excerpt":{"rendered":"<p>A Confedera\u00e7\u00e3o Nacional de Munic\u00edpios (CNM), admitida como amicus curiae pelo Supremo Tribunal Federal (STF), ir\u00e1 contribuir para a constru\u00e7\u00e3o da Proposta de S\u00famula Vinculante (PSV) 150, que trata do impacto or\u00e7ament\u00e1rio de novas despesas. \u201cFoi deferido o ingresso, na qualidade de amici curiae, da Confedera\u00e7\u00e3o Nacional de Munic\u00edpios\u201d, destacou o ministro Edson Fachin, ao<\/p>\n","protected":false},"author":8,"featured_media":0,"comment_status":"closed","ping_status":"closed","sticky":false,"template":"","format":"standard","meta":{"fifu_image_url":"","fifu_image_alt":"","footnotes":""},"categories":[33],"tags":[],"class_list":["post-15140","post","type-post","status-publish","format-standard","hentry","category-noticias"],"_links":{"self":[{"href":"https:\/\/ilheusnews.com.br\/index.php?rest_route=\/wp\/v2\/posts\/15140","targetHints":{"allow":["GET"]}}],"collection":[{"href":"https:\/\/ilheusnews.com.br\/index.php?rest_route=\/wp\/v2\/posts"}],"about":[{"href":"https:\/\/ilheusnews.com.br\/index.php?rest_route=\/wp\/v2\/types\/post"}],"author":[{"embeddable":true,"href":"https:\/\/ilheusnews.com.br\/index.php?rest_route=\/wp\/v2\/users\/8"}],"replies":[{"embeddable":true,"href":"https:\/\/ilheusnews.com.br\/index.php?rest_route=%2Fwp%2Fv2%2Fcomments&post=15140"}],"version-history":[{"count":0,"href":"https:\/\/ilheusnews.com.br\/index.php?rest_route=\/wp\/v2\/posts\/15140\/revisions"}],"wp:attachment":[{"href":"https:\/\/ilheusnews.com.br\/index.php?rest_route=%2Fwp%2Fv2%2Fmedia&parent=15140"}],"wp:term":[{"taxonomy":"category","embeddable":true,"href":"https:\/\/ilheusnews.com.br\/index.php?rest_route=%2Fwp%2Fv2%2Fcategories&post=15140"},{"taxonomy":"post_tag","embeddable":true,"href":"https:\/\/ilheusnews.com.br\/index.php?rest_route=%2Fwp%2Fv2%2Ftags&post=15140"}],"curies":[{"name":"wp","href":"https:\/\/api.w.org\/{rel}","templated":true}]}}