{"id":15104,"date":"2026-09-02T18:02:40","date_gmt":"2026-09-02T21:02:40","guid":{"rendered":"https:\/\/ilheusnews.com.br\/?p=15104"},"modified":"2026-09-02T18:02:40","modified_gmt":"2026-09-02T21:02:40","slug":"eleicoes-2026-consulta-aos-locais-de-votacao-ja-esta-disponivel","status":"publish","type":"post","link":"https:\/\/ilheusnews.com.br\/?p=15104","title":{"rendered":"Elei\u00e7\u00f5es 2026: consulta aos locais de vota\u00e7\u00e3o j\u00e1 est\u00e1 dispon\u00edvel"},"content":{"rendered":"<div>A partir desta ter\u00e7a-feira (1\u00ba),\u00a0eleitoras e eleitores podem verificar o endere\u00e7o da se\u00e7\u00e3o de vota\u00e7\u00e3o pelo\u00a0aplicativo\u00a0e-T\u00edtulo\u00a0ou pelo\u00a0Portal do Tribunal Superior Eleitoral (TSE).\u00a0\u00a0 A consulta est\u00e1 atualizada e inclui quem solicitou transfer\u00eancia tempor\u00e1ria\u00a0de\u00a0se\u00e7\u00e3o nos prazos previstos no\u00a0calend\u00e1rio\u00a0eleitoral (Resolu\u00e7\u00e3o n\u00ba 23.760\/2026), encerrados no m\u00eas passado.\u00a0 Essa modalidade atende, entre outros, eleitores que\u00a0solicitaram\u00a0vota\u00e7\u00e3o em tr\u00e2nsito,\u00a0pessoas com defici\u00eancia ou mobilidade reduzida, militares, agentes de seguran\u00e7a p\u00fablica, mes\u00e1rios, agentes penitenci\u00e1rios, al\u00e9m de ju\u00edzes e promotores em servi\u00e7o no dia da elei\u00e7\u00e3o.\u00a0 Como consultar\u00a0 Pelo\u00a0e-T\u00edtulo:\u00a0 Na tela inicial do aplicativo, atualize os dados cadastrais.\u00a0 O\u00a0sistema\u00a0mostrar\u00e1\u00a0o endere\u00e7o\u00a0da se\u00e7\u00e3o\u00a0e a zona\u00a0eleitoral em que o eleitor dever\u00e1 votar.\u00a0\u00a0 Pelo\u00a0Portal do TSE:\u00a0 Acesse a \u00e1rea\u00a0\u201cServi\u00e7os Eleitorais\u201d e selecione \u201cOnde votar\u201d.\u00a0 Informe o n\u00famero do CPF ou do\u00a0t\u00edtulo de\u00a0eleitor, a data de nascimento e o nome da m\u00e3e.\u00a0 A Justi\u00e7a Eleitoral recomenda que\u00a0a eleitora ou\u00a0o eleitor confira o local de vota\u00e7\u00e3o\u00a0com anteced\u00eancia para evitar d\u00favidas no dia da\u00a0elei\u00e7\u00e3o. A medida \u00e9 especialmente\u00a0importante para quem pediu transfer\u00eancia\u00a0tempor\u00e1ria ou\u00a0teve a\u00a0zona eleitoral\u00a0alterada pelo\u00a0tribunal\u00a0regional\u00a0eleitoral\u00a0(TRE).\u00a0 O\u00a01\u00ba turno das Elei\u00e7\u00f5es Gerais de 2026 ser\u00e1 em 4 de outubro de 2026. Se houver\u00a02\u00ba turno, a vota\u00e7\u00e3o ocorrer\u00e1 no dia\u00a025 do mesmo m\u00eas. O TSE estima o uso de 564 mil urnas eletr\u00f4nicas\u00a0no pleito. (Fonte: TSE)<\/div>\n","protected":false},"excerpt":{"rendered":"<p>A partir desta ter\u00e7a-feira (1\u00ba),\u00a0eleitoras e eleitores podem verificar o endere\u00e7o da se\u00e7\u00e3o de vota\u00e7\u00e3o pelo\u00a0aplicativo\u00a0e-T\u00edtulo\u00a0ou pelo\u00a0Portal do Tribunal Superior Eleitoral (TSE).\u00a0\u00a0 A consulta est\u00e1 atualizada e inclui quem solicitou transfer\u00eancia tempor\u00e1ria\u00a0de\u00a0se\u00e7\u00e3o nos prazos previstos no\u00a0calend\u00e1rio\u00a0eleitoral (Resolu\u00e7\u00e3o n\u00ba 23.760\/2026), encerrados no m\u00eas passado.\u00a0 Essa modalidade atende, entre outros, eleitores que\u00a0solicitaram\u00a0vota\u00e7\u00e3o em tr\u00e2nsito,\u00a0pessoas com defici\u00eancia ou<\/p>\n","protected":false},"author":8,"featured_media":0,"comment_status":"closed","ping_status":"closed","sticky":false,"template":"","format":"standard","meta":{"fifu_image_url":"","fifu_image_alt":"","footnotes":""},"categories":[33],"tags":[],"class_list":["post-15104","post","type-post","status-publish","format-standard","hentry","category-noticias"],"_links":{"self":[{"href":"https:\/\/ilheusnews.com.br\/index.php?rest_route=\/wp\/v2\/posts\/15104","targetHints":{"allow":["GET"]}}],"collection":[{"href":"https:\/\/ilheusnews.com.br\/index.php?rest_route=\/wp\/v2\/posts"}],"about":[{"href":"https:\/\/ilheusnews.com.br\/index.php?rest_route=\/wp\/v2\/types\/post"}],"author":[{"embeddable":true,"href":"https:\/\/ilheusnews.com.br\/index.php?rest_route=\/wp\/v2\/users\/8"}],"replies":[{"embeddable":true,"href":"https:\/\/ilheusnews.com.br\/index.php?rest_route=%2Fwp%2Fv2%2Fcomments&post=15104"}],"version-history":[{"count":0,"href":"https:\/\/ilheusnews.com.br\/index.php?rest_route=\/wp\/v2\/posts\/15104\/revisions"}],"wp:attachment":[{"href":"https:\/\/ilheusnews.com.br\/index.php?rest_route=%2Fwp%2Fv2%2Fmedia&parent=15104"}],"wp:term":[{"taxonomy":"category","embeddable":true,"href":"https:\/\/ilheusnews.com.br\/index.php?rest_route=%2Fwp%2Fv2%2Fcategories&post=15104"},{"taxonomy":"post_tag","embeddable":true,"href":"https:\/\/ilheusnews.com.br\/index.php?rest_route=%2Fwp%2Fv2%2Ftags&post=15104"}],"curies":[{"name":"wp","href":"https:\/\/api.w.org\/{rel}","templated":true}]}}