{"id":15073,"date":"2026-09-02T12:01:36","date_gmt":"2026-09-02T15:01:36","guid":{"rendered":"https:\/\/ilheusnews.com.br\/?p=15073"},"modified":"2026-09-02T12:01:36","modified_gmt":"2026-09-02T15:01:36","slug":"senado-aprova-indicacao-de-rodrigo-pacheco-para-o-tcu","status":"publish","type":"post","link":"https:\/\/ilheusnews.com.br\/?p=15073","title":{"rendered":"Senado aprova indica\u00e7\u00e3o de Rodrigo Pacheco para o TCU"},"content":{"rendered":"<div>O plen\u00e1rio do Senado aprovou nesta ter\u00e7a-feira (1) a indica\u00e7\u00e3o do senador\u00a0Rodrigo Pacheco\u00a0(PSB-MG \u2013 foto ilustra\u00e7\u00e3o) para o cargo de ministro do Tribunal de Contas da Uni\u00e3o (TCU). O nome de Pacheco foi aprovado por 63 votos a 4, e ainda precisa ser submetido \u00e0 C\u00e2mara dos Deputados. Se aprovado, ele ir\u00e1 assumir a cadeira deixada vaga com a sa\u00edda de Bruno Dantas, que anunciou sua ren\u00fancia ao posto na segunda-feira. Na sequ\u00eancia, o Senado indicou Pacheco, que j\u00e1 presidiu a Casa. O Congresso tem, pelas regras constitucionais, a prerrogativa de indicar dois ter\u00e7os da composi\u00e7\u00e3o do TCU. Dantas fazia parte dessa cota. Pacheco \u00e9 advogado, foi deputado federal e atualmente exerce o mandato de senador. Seu nome foi defendido pelo atual presidente do Senado, Davi Alcolumbre (Uni\u00e3o-AP), para o Supremo Tribunal Federal (STF), sugest\u00e3o n\u00e3o acatada pelo presidente Luiz In\u00e1cio Lula da Silva. (Reuters)<\/div>\n","protected":false},"excerpt":{"rendered":"<p>O plen\u00e1rio do Senado aprovou nesta ter\u00e7a-feira (1) a indica\u00e7\u00e3o do senador\u00a0Rodrigo Pacheco\u00a0(PSB-MG \u2013 foto ilustra\u00e7\u00e3o) para o cargo de ministro do Tribunal de Contas da Uni\u00e3o (TCU). O nome de Pacheco foi aprovado por 63 votos a 4, e ainda precisa ser submetido \u00e0 C\u00e2mara dos Deputados. Se aprovado, ele ir\u00e1 assumir a cadeira<\/p>\n","protected":false},"author":8,"featured_media":0,"comment_status":"closed","ping_status":"closed","sticky":false,"template":"","format":"standard","meta":{"fifu_image_url":"","fifu_image_alt":"","footnotes":""},"categories":[33],"tags":[],"class_list":["post-15073","post","type-post","status-publish","format-standard","hentry","category-noticias"],"_links":{"self":[{"href":"https:\/\/ilheusnews.com.br\/index.php?rest_route=\/wp\/v2\/posts\/15073","targetHints":{"allow":["GET"]}}],"collection":[{"href":"https:\/\/ilheusnews.com.br\/index.php?rest_route=\/wp\/v2\/posts"}],"about":[{"href":"https:\/\/ilheusnews.com.br\/index.php?rest_route=\/wp\/v2\/types\/post"}],"author":[{"embeddable":true,"href":"https:\/\/ilheusnews.com.br\/index.php?rest_route=\/wp\/v2\/users\/8"}],"replies":[{"embeddable":true,"href":"https:\/\/ilheusnews.com.br\/index.php?rest_route=%2Fwp%2Fv2%2Fcomments&post=15073"}],"version-history":[{"count":0,"href":"https:\/\/ilheusnews.com.br\/index.php?rest_route=\/wp\/v2\/posts\/15073\/revisions"}],"wp:attachment":[{"href":"https:\/\/ilheusnews.com.br\/index.php?rest_route=%2Fwp%2Fv2%2Fmedia&parent=15073"}],"wp:term":[{"taxonomy":"category","embeddable":true,"href":"https:\/\/ilheusnews.com.br\/index.php?rest_route=%2Fwp%2Fv2%2Fcategories&post=15073"},{"taxonomy":"post_tag","embeddable":true,"href":"https:\/\/ilheusnews.com.br\/index.php?rest_route=%2Fwp%2Fv2%2Ftags&post=15073"}],"curies":[{"name":"wp","href":"https:\/\/api.w.org\/{rel}","templated":true}]}}