{"id":15043,"date":"2026-09-02T00:02:48","date_gmt":"2026-09-02T03:02:48","guid":{"rendered":"https:\/\/ilheusnews.com.br\/?p=15043"},"modified":"2026-09-02T00:02:48","modified_gmt":"2026-09-02T03:02:48","slug":"senado-aprova-incentivos-para-instalacao-de-data-centers-no-brasil","status":"publish","type":"post","link":"https:\/\/ilheusnews.com.br\/?p=15043","title":{"rendered":"Senado aprova incentivos para instala\u00e7\u00e3o de data centers no Brasil"},"content":{"rendered":"<div>\n<p>O Senado aprovou, nesta ter\u00e7a-feira (1), o Projeto de Lei 278\/2026, que cria um regime de incentivos para empresas que instalarem ou ampliarem <a href=\"https:\/\/olhardigital.com.br\/tag\/data-centers\/\" target=\"_blank\" rel=\"noreferrer noopener\">data centers<\/a> no <a href=\"https:\/\/olhardigital.com.br\/tag\/brasil\" target=\"_blank\" rel=\"noreferrer noopener\">Brasil<\/a>. O texto, que j\u00e1 havia sido aprovado pela C\u00e2mara dos Deputados em fevereiro, estava travado entre os senadores e agora segue para san\u00e7\u00e3o presidencial.<\/p>\n<p>A proposta foi destravada ap\u00f3s uma reuni\u00e3o entre o presidente Luiz In\u00e1cio Lula da Silva e o presidente do <a href=\"https:\/\/olhardigital.com.br\/tag\/senado\/\" target=\"_blank\" rel=\"noreferrer noopener\">Senado<\/a>, Davi Alcolumbre (Uni\u00e3o Brasil\/AP), na semana passada. O senador Cid Gomes (PSB\/CE) foi escolhido para relatar a mat\u00e9ria no Senado.<\/p>\n<p>Para acelerar a implementa\u00e7\u00e3o da medida, Cid manteve o m\u00e9rito do texto aprovado pela C\u00e2mara, que estava sob responsabilidade do deputado Aguinaldo Ribeiro (PP\/PB), e fez ajustes de reda\u00e7\u00e3o. Como a C\u00e2mara j\u00e1 havia aprovado a proposta, as mudan\u00e7as n\u00e3o exigem nova vota\u00e7\u00e3o pelos deputados.<\/p>\n<p>O projeto cria o chamado <strong>Redata<\/strong>, regime que prev\u00ea suspens\u00e3o e posterior redu\u00e7\u00e3o \u00e0 al\u00edquota zero de tributos sobre equipamentos e produtos de tecnologia da informa\u00e7\u00e3o e comunica\u00e7\u00e3o utilizados na instala\u00e7\u00e3o ou amplia\u00e7\u00e3o de data centers.<\/p>\n<p>Entre os tributos inclu\u00eddos est\u00e3o o Imposto sobre Produtos Industrializados (IPI), o Imposto de Importa\u00e7\u00e3o e o PIS\/Cofins. O texto tamb\u00e9m prev\u00ea redu\u00e7\u00e3o do Imposto de Importa\u00e7\u00e3o quando n\u00e3o houver produ\u00e7\u00e3o nacional equivalente.<\/p>\n<p>A medida busca estimular a instala\u00e7\u00e3o de centros de processamento de dados no pa\u00eds, estruturas consideradas estrat\u00e9gicas para o desenvolvimento de ferramentas de intelig\u00eancia artificial (IA), computa\u00e7\u00e3o em nuvem, processamento de alto desempenho e outras tecnologias.<\/p>\n<h2 class=\"wp-block-heading\" id=\"h-energia-devera-vir-de-fontes-de-baixa-emissao\">Energia dever\u00e1 vir de fontes de baixa emiss\u00e3o<\/h2>\n<p>Para ter acesso aos benef\u00edcios, as empresas de data centers dever\u00e3o contratar a totalidade da energia el\u00e9trica necess\u00e1ria para suas opera\u00e7\u00f5es por meio de contratos de suprimento ou de autoprodu\u00e7\u00e3o provenientes de fontes renov\u00e1veis ou de baixa emiss\u00e3o.<\/p>\n<p>A inclus\u00e3o da express\u00e3o <strong>\u201cbaixa emiss\u00e3o\u201d<\/strong> pelos senadores permite que as empresas tamb\u00e9m possam contratar energia gerada a partir de g\u00e1s natural. A exig\u00eancia est\u00e1 entre as condi\u00e7\u00f5es para que os empreendimentos possam ser habilitados no Redata.<\/p>\n<\/p>\n<div class=\"wp-block-image\">\n<figure class=\"aligncenter size-large\"><figcaption class=\"wp-element-caption\">Projeto cria o chamado Redata, regime que prev\u00ea suspens\u00e3o e posterior redu\u00e7\u00e3o \u00e0 al\u00edquota zero de tributos sobre equipamentos e produtos de tecnologia da informa\u00e7\u00e3o e comunica\u00e7\u00e3o utilizados na instala\u00e7\u00e3o ou amplia\u00e7\u00e3o de data centers \u2013 Imagem: Oleksii Mach\/Shutterstock<\/figcaption><\/figure>\n<\/div>\n<p><strong>Leia mais:<\/strong><\/p>\n<ul>\n<li><a href=\"https:\/\/olhardigital.com.br\/2016\/05\/19\/pro\/data-centers-tudo-que-voce-precisa-saber\/\" target=\"_blank\" rel=\"noreferrer noopener\">Data Centers: tudo que voc\u00ea precisa saber<\/a><\/li>\n<li><a href=\"https:\/\/olhardigital.com.br\/2016\/07\/22\/pro\/veja-como-e-um-data-center-por-dentro\/\" target=\"_blank\" rel=\"noreferrer noopener\">Veja como \u00e9 um data center por dentro<\/a><\/li>\n<li><a href=\"https:\/\/olhardigital.com.br\/2026\/08\/26\/inteligencia-artificial\/xixi-pode-ajudar-a-resfriar-data-centers-a-resposta-e-mais-curiosa-do-que-parece\/\" target=\"_blank\" rel=\"noreferrer noopener\">Xixi pode ajudar a resfriar data centers? A resposta \u00e9 mais curiosa do que parece<\/a><\/li>\n<\/ul>\n<h2 class=\"wp-block-heading\" id=\"h-empresas-terao-contrapartidas\">Empresas ter\u00e3o contrapartidas<\/h2>\n<ul>\n<li>O texto estabelece que pelo menos <strong>10% do fornecimento efetivo de processamento e armazenamento de dados<\/strong> dever\u00e1 ser destinado ao mercado interno ou cedido ao poder p\u00fablico e a institui\u00e7\u00f5es de pesquisa para iniciativas relacionadas a pol\u00edticas digitais e inova\u00e7\u00e3o;<\/li>\n<li>Como alternativa, as empresas poder\u00e3o ampliar seus investimentos em pesquisa e desenvolvimento no Brasil;<\/li>\n<li>Quem aderir ao programa tamb\u00e9m dever\u00e1 direcionar pelo menos <strong>2% dos investimentos beneficiados<\/strong> para projetos de pesquisa, desenvolvimento e inova\u00e7\u00e3o. Uma parcela desses recursos ter\u00e1 de ser aplicada obrigatoriamente nas regi\u00f5es Norte, Nordeste e Centro-Oeste;<\/li>\n<li>A habilita\u00e7\u00e3o no Redata depender\u00e1 ainda de regularidade fiscal e ser\u00e1 concedida pela Receita Federal. Empresas optantes pelo Simples Nacional n\u00e3o poder\u00e3o aderir ao regime;<\/li>\n<li>Segundo o governo, os benef\u00edcios fiscais previstos no programa representar\u00e3o ren\u00fancia de arrecada\u00e7\u00e3o estimada em <strong>R$ 7,5 bilh\u00f5es nos pr\u00f3ximos tr\u00eas anos<\/strong>.<\/li>\n<\/ul>\n<h2 class=\"wp-block-heading\" id=\"h-ceara-concentra-projetos-de-data-centers\">Cear\u00e1 concentra projetos de data centers<\/h2>\n<p>O Cear\u00e1, estado de origem pol\u00edtica tanto do relator Cid Gomes quanto do deputado Jos\u00e9 Guimar\u00e3es (PT\/CE), autor da proposta na C\u00e2mara, possui projetos de data centers em instala\u00e7\u00e3o. Um deles fica em Caucaia e dever\u00e1 ter demanda de energia equivalente ao consumo de aproximadamente <strong>4,5 milh\u00f5es de resid\u00eancias<\/strong>.<\/p>\n<p>Jos\u00e9 Guimar\u00e3es reaproveitou no projeto o texto de uma medida provis\u00f3ria que havia entrado em vigor no ano passado, mas perdeu a validade em 25 de fevereiro.<\/p>\n<p>A expectativa \u00e9 que os incentivos tribut\u00e1rios reduzam os custos de instala\u00e7\u00e3o e expans\u00e3o dessas estruturas e estimulem novos investimentos no setor de data centers no pa\u00eds.<\/p>\n<p>O post <a href=\"https:\/\/olhardigital.com.br\/2026\/09\/01\/pro\/senado-aprova-incentivos-para-instalacao-de-data-centers-no-brasil\/\">Senado aprova incentivos para instala\u00e7\u00e3o de data centers no Brasil<\/a> apareceu primeiro em <a href=\"https:\/\/olhardigital.com.br\/\">Olhar Digital<\/a>.<\/p>\n<\/div>\n","protected":false},"excerpt":{"rendered":"<p>O Senado aprovou, nesta ter\u00e7a-feira (1), o Projeto de Lei 278\/2026, que cria um regime de incentivos para empresas que instalarem ou ampliarem data centers no Brasil. O texto, que j\u00e1 havia sido aprovado pela C\u00e2mara dos Deputados em fevereiro, estava travado entre os senadores e agora segue para san\u00e7\u00e3o presidencial. A proposta foi destravada<\/p>\n","protected":false},"author":6,"featured_media":15044,"comment_status":"closed","ping_status":"closed","sticky":false,"template":"","format":"standard","meta":{"fifu_image_url":"https:\/\/olhardigital.com.br\/wp-content\/uploads\/2026\/06\/Data-centers-no-Brasil-1024x576.jpg","fifu_image_alt":"Senado aprova incentivos para instala\u00e7\u00e3o de data centers no Brasil","footnotes":""},"categories":[33],"tags":[],"class_list":["post-15043","post","type-post","status-publish","format-standard","has-post-thumbnail","hentry","category-noticias"],"_links":{"self":[{"href":"https:\/\/ilheusnews.com.br\/index.php?rest_route=\/wp\/v2\/posts\/15043","targetHints":{"allow":["GET"]}}],"collection":[{"href":"https:\/\/ilheusnews.com.br\/index.php?rest_route=\/wp\/v2\/posts"}],"about":[{"href":"https:\/\/ilheusnews.com.br\/index.php?rest_route=\/wp\/v2\/types\/post"}],"author":[{"embeddable":true,"href":"https:\/\/ilheusnews.com.br\/index.php?rest_route=\/wp\/v2\/users\/6"}],"replies":[{"embeddable":true,"href":"https:\/\/ilheusnews.com.br\/index.php?rest_route=%2Fwp%2Fv2%2Fcomments&post=15043"}],"version-history":[{"count":0,"href":"https:\/\/ilheusnews.com.br\/index.php?rest_route=\/wp\/v2\/posts\/15043\/revisions"}],"wp:featuredmedia":[{"embeddable":true,"href":"https:\/\/ilheusnews.com.br\/index.php?rest_route=\/wp\/v2\/media\/15044"}],"wp:attachment":[{"href":"https:\/\/ilheusnews.com.br\/index.php?rest_route=%2Fwp%2Fv2%2Fmedia&parent=15043"}],"wp:term":[{"taxonomy":"category","embeddable":true,"href":"https:\/\/ilheusnews.com.br\/index.php?rest_route=%2Fwp%2Fv2%2Fcategories&post=15043"},{"taxonomy":"post_tag","embeddable":true,"href":"https:\/\/ilheusnews.com.br\/index.php?rest_route=%2Fwp%2Fv2%2Ftags&post=15043"}],"curies":[{"name":"wp","href":"https:\/\/api.w.org\/{rel}","templated":true}]}}