{"id":15042,"date":"2026-09-02T00:02:47","date_gmt":"2026-09-02T03:02:47","guid":{"rendered":"https:\/\/ilheusnews.com.br\/?p=15042"},"modified":"2026-09-02T00:02:47","modified_gmt":"2026-09-02T03:02:47","slug":"apple-tem-novo-ceo-o-que-esperar-de-john-ternus","status":"publish","type":"post","link":"https:\/\/ilheusnews.com.br\/?p=15042","title":{"rendered":"Apple tem novo CEO: o que esperar de John Ternus?"},"content":{"rendered":"<div>\n<p>John Ternus assumiu o cargo de CEO da Apple nesta ter\u00e7a-feira (01). Ele substituiu Tim Cook, que ficou no posto por mais de uma d\u00e9cada. Enquanto Cook era conhecido pela compet\u00eancia operacional, Ternus vem da engenharia de produtos. <\/p>\n<p>Essa mudan\u00e7a de perfil sinaliza uma aposta da Apple em uma reviravolta tecnol\u00f3gica? E o que podemos esperar da empresa a partir dessa mudan\u00e7a de comando? Arthur Igreja, especialista em tecnologia e inova\u00e7\u00e3o, analisa.<\/p>\n<p>O post <a href=\"https:\/\/olhardigital.com.br\/2026\/09\/01\/colunistas\/apple-tem-novo-ceo-o-que-esperar-de-john-ternus\/\">Apple tem novo CEO: o que esperar de John Ternus?<\/a> apareceu primeiro em <a href=\"https:\/\/olhardigital.com.br\/\">Olhar Digital<\/a>.<\/p>\n<\/div>\n","protected":false},"excerpt":{"rendered":"<p>John Ternus assumiu o cargo de CEO da Apple nesta ter\u00e7a-feira (01). Ele substituiu Tim Cook, que ficou no posto por mais de uma d\u00e9cada. Enquanto Cook era conhecido pela compet\u00eancia operacional, Ternus vem da engenharia de produtos. Essa mudan\u00e7a de perfil sinaliza uma aposta da Apple em uma reviravolta tecnol\u00f3gica? E o que podemos<\/p>\n","protected":false},"author":6,"featured_media":0,"comment_status":"closed","ping_status":"closed","sticky":false,"template":"","format":"standard","meta":{"fifu_image_url":"","fifu_image_alt":"","footnotes":""},"categories":[33],"tags":[],"class_list":["post-15042","post","type-post","status-publish","format-standard","hentry","category-noticias"],"_links":{"self":[{"href":"https:\/\/ilheusnews.com.br\/index.php?rest_route=\/wp\/v2\/posts\/15042","targetHints":{"allow":["GET"]}}],"collection":[{"href":"https:\/\/ilheusnews.com.br\/index.php?rest_route=\/wp\/v2\/posts"}],"about":[{"href":"https:\/\/ilheusnews.com.br\/index.php?rest_route=\/wp\/v2\/types\/post"}],"author":[{"embeddable":true,"href":"https:\/\/ilheusnews.com.br\/index.php?rest_route=\/wp\/v2\/users\/6"}],"replies":[{"embeddable":true,"href":"https:\/\/ilheusnews.com.br\/index.php?rest_route=%2Fwp%2Fv2%2Fcomments&post=15042"}],"version-history":[{"count":0,"href":"https:\/\/ilheusnews.com.br\/index.php?rest_route=\/wp\/v2\/posts\/15042\/revisions"}],"wp:attachment":[{"href":"https:\/\/ilheusnews.com.br\/index.php?rest_route=%2Fwp%2Fv2%2Fmedia&parent=15042"}],"wp:term":[{"taxonomy":"category","embeddable":true,"href":"https:\/\/ilheusnews.com.br\/index.php?rest_route=%2Fwp%2Fv2%2Fcategories&post=15042"},{"taxonomy":"post_tag","embeddable":true,"href":"https:\/\/ilheusnews.com.br\/index.php?rest_route=%2Fwp%2Fv2%2Ftags&post=15042"}],"curies":[{"name":"wp","href":"https:\/\/api.w.org\/{rel}","templated":true}]}}