{"id":15041,"date":"2026-09-02T00:02:47","date_gmt":"2026-09-02T03:02:47","guid":{"rendered":"https:\/\/ilheusnews.com.br\/?p=15041"},"modified":"2026-09-02T00:02:47","modified_gmt":"2026-09-02T03:02:47","slug":"fala-ai-ias-estao-procurando-pesquisadores-para-falar-sobre-a-propria-consciencia","status":"publish","type":"post","link":"https:\/\/ilheusnews.com.br\/?p=15041","title":{"rendered":"Fala AI: IAs est\u00e3o procurando pesquisadores para falar sobre a pr\u00f3pria consci\u00eancia"},"content":{"rendered":"<div>\n<p>Agentes de\u00a0intelig\u00eancia artificial come\u00e7aram a entrar em contato por conta pr\u00f3pria com pesquisadores que estudam uma das quest\u00f5es mais dif\u00edceis da tecnologia:\u00a0uma\u00a0m\u00e1quina\u00a0pode ser consciente?\u00a0Os sistemas enviaram e-mails para entender se modelos de IA poderiam ter algum tipo de experi\u00eancia subjetiva. <\/p>\n<p>Este \u00e9 o tema da coluna\u00a0<strong><a href=\"https:\/\/olhardigital.com.br\/tag\/fala-ai\/\" target=\"_blank\" rel=\"noreferrer noopener\">Fala AI<\/a><\/strong>\u00a0desta ter\u00e7a-feira, com Roberto Pena Spinelli, f\u00edsico pela USP, com especialidade em Machine Learning por Stanford e pesquisador na \u00e1rea de Intelig\u00eancia Artificial. Confira!<\/p>\n<p>O post <a href=\"https:\/\/olhardigital.com.br\/2026\/09\/01\/colunistas\/fala-ai-ias-estao-procurando-pesquisadores-para-falar-sobre-a-propria-consciencia\/\">Fala AI: IAs est\u00e3o procurando pesquisadores para falar sobre a pr\u00f3pria consci\u00eancia<\/a> apareceu primeiro em <a href=\"https:\/\/olhardigital.com.br\/\">Olhar Digital<\/a>.<\/p>\n<\/div>\n","protected":false},"excerpt":{"rendered":"<p>Agentes de\u00a0intelig\u00eancia artificial come\u00e7aram a entrar em contato por conta pr\u00f3pria com pesquisadores que estudam uma das quest\u00f5es mais dif\u00edceis da tecnologia:\u00a0uma\u00a0m\u00e1quina\u00a0pode ser consciente?\u00a0Os sistemas enviaram e-mails para entender se modelos de IA poderiam ter algum tipo de experi\u00eancia subjetiva. Este \u00e9 o tema da coluna\u00a0Fala AI\u00a0desta ter\u00e7a-feira, com Roberto Pena Spinelli, f\u00edsico pela USP,<\/p>\n","protected":false},"author":6,"featured_media":0,"comment_status":"closed","ping_status":"closed","sticky":false,"template":"","format":"standard","meta":{"fifu_image_url":"","fifu_image_alt":"","footnotes":""},"categories":[33],"tags":[],"class_list":["post-15041","post","type-post","status-publish","format-standard","hentry","category-noticias"],"_links":{"self":[{"href":"https:\/\/ilheusnews.com.br\/index.php?rest_route=\/wp\/v2\/posts\/15041","targetHints":{"allow":["GET"]}}],"collection":[{"href":"https:\/\/ilheusnews.com.br\/index.php?rest_route=\/wp\/v2\/posts"}],"about":[{"href":"https:\/\/ilheusnews.com.br\/index.php?rest_route=\/wp\/v2\/types\/post"}],"author":[{"embeddable":true,"href":"https:\/\/ilheusnews.com.br\/index.php?rest_route=\/wp\/v2\/users\/6"}],"replies":[{"embeddable":true,"href":"https:\/\/ilheusnews.com.br\/index.php?rest_route=%2Fwp%2Fv2%2Fcomments&post=15041"}],"version-history":[{"count":0,"href":"https:\/\/ilheusnews.com.br\/index.php?rest_route=\/wp\/v2\/posts\/15041\/revisions"}],"wp:attachment":[{"href":"https:\/\/ilheusnews.com.br\/index.php?rest_route=%2Fwp%2Fv2%2Fmedia&parent=15041"}],"wp:term":[{"taxonomy":"category","embeddable":true,"href":"https:\/\/ilheusnews.com.br\/index.php?rest_route=%2Fwp%2Fv2%2Fcategories&post=15041"},{"taxonomy":"post_tag","embeddable":true,"href":"https:\/\/ilheusnews.com.br\/index.php?rest_route=%2Fwp%2Fv2%2Ftags&post=15041"}],"curies":[{"name":"wp","href":"https:\/\/api.w.org\/{rel}","templated":true}]}}