{"id":15029,"date":"2026-09-01T18:02:23","date_gmt":"2026-09-01T21:02:23","guid":{"rendered":"https:\/\/ilheusnews.com.br\/?p=15029"},"modified":"2026-09-01T18:02:23","modified_gmt":"2026-09-01T21:02:23","slug":"mais-da-metade-das-criancas-feridas-em-acidentes-de-carro-usa-cinto-ou-cadeirinha-de-forma-errada","status":"publish","type":"post","link":"https:\/\/ilheusnews.com.br\/?p=15029","title":{"rendered":"Mais da metade das crian\u00e7as feridas em acidentes de carro usa cinto ou cadeirinha de forma errada"},"content":{"rendered":"<div>\n<p>Mais da metade das <a href=\"https:\/\/olhardigital.com.br\/tag\/criancas\/\" target=\"_blank\" rel=\"noreferrer noopener\">crian\u00e7as<\/a> envolvidas em <a href=\"https:\/\/olhardigital.com.br\/tag\/acidentes\/\" target=\"_blank\" rel=\"noreferrer noopener\">acidentes<\/a> de carro que sofreram ferimentos n\u00e3o estava usando nenhum dispositivo de seguran\u00e7a ou utilizava um sistema de reten\u00e7\u00e3o inadequado para sua idade, altura ou peso. A conclus\u00e3o \u00e9 de um estudo realizado por pesquisadores da Faculdade de Medicina da Ohio State University (EUA).<\/p>\n<p>Segundo a pesquisa, o uso incorreto ou a aus\u00eancia de cadeirinhas, assentos de eleva\u00e7\u00e3o e cintos de seguran\u00e7a tamb\u00e9m esteve associado a les\u00f5es mais graves entre crian\u00e7as envolvidas em acidentes de <a href=\"https:\/\/olhardigital.com.br\/tag\/transito\/\" target=\"_blank\" rel=\"noreferrer noopener\">tr\u00e2nsito<\/a>.<\/p>\n<p>\u201c<strong>Muitas fam\u00edlias ainda n\u00e3o est\u00e3o usando cadeirinhas, assentos de eleva\u00e7\u00e3o e cintos de seguran\u00e7a corretamente<\/strong>\u201d, <a href=\"https:\/\/medicalxpress.com\/news\/2026-09-car-seat-belt-misuse-severe.html\" target=\"_blank\" rel=\"noreferrer noopener\">afirmou<\/a> Gretchen Baker, autora principal do estudo e professora assistente de pesquisa da Escola de Ci\u00eancias da Sa\u00fade e Reabilita\u00e7\u00e3o. \u201cIsso coloca as crian\u00e7as em maior risco de les\u00f5es e destaca a import\u00e2ncia de mais educa\u00e7\u00e3o sobre o uso adequado dos dispositivos de reten\u00e7\u00e3o.\u201d<\/p>\n<p>Publicado na revista <em><a href=\"https:\/\/www.tandfonline.com\/doi\/full\/10.1080\/15389588.2026.2709029\" target=\"_blank\" rel=\"noreferrer noopener\">Traffic Injury Prevention<\/a><\/em>, o trabalho analisou dados do American College of Surgeons Trauma Quality Program referentes ao per\u00edodo de 2018 a 2022. O banco re\u00fane informa\u00e7\u00f5es de pacientes pedi\u00e1tricos e adultos atendidos em centros de trauma nos Estados Unidos.<\/p>\n<p>Os pesquisadores selecionaram registros de acidentes de tr\u00e2nsito envolvendo ocupantes com idade entre um e 13 anos. Ao todo, <strong>39.993 crian\u00e7as<\/strong> atenderam aos crit\u00e9rios para inclus\u00e3o na an\u00e1lise.<\/p>\n<h2 class=\"wp-block-heading\" id=\"h-uso-inadequado-aumenta-com-a-idade\">Uso inadequado aumenta com a idade<\/h2>\n<ul>\n<li>Dos casos analisados, <strong>39% das crian\u00e7as n\u00e3o utilizavam nenhum tipo de dispositivo de reten\u00e7\u00e3o<\/strong>. Outros <strong>19% estavam usando um sistema inadequado<\/strong> para sua idade, altura ou peso;<\/li>\n<li>A propor\u00e7\u00e3o de uso incorreto aumentou conforme a idade. Entre crian\u00e7as de um ano, o \u00edndice era de 6%, chegando a 39% aos sete anos. Aos 13 anos, a taxa ca\u00eda para 1%;<\/li>\n<li>O percentual de crian\u00e7as que n\u00e3o utilizavam nenhum dispositivo tamb\u00e9m aumentava com a idade. O \u00edndice variava de 33% entre crian\u00e7as de um ano para 50% aos 13 anos.<\/li>\n<\/ul>\n<div class=\"wp-block-image\">\n<figure class=\"aligncenter size-large\"><figcaption class=\"wp-element-caption\">Dos casos analisados, 39% das crian\u00e7as n\u00e3o utilizavam nenhum tipo de dispositivo de reten\u00e7\u00e3o. Outros 19% estavam usando um sistema inadequado para sua idade, altura ou peso \u2013 Imagem: christinarosepix\/Shutterstock<\/figcaption><\/figure>\n<\/div>\n<p>\u201c<strong>\u00c0 medida que as crian\u00e7as ficam mais velhas, elas t\u00eam maior probabilidade de estar no tipo errado de dispositivo de reten\u00e7\u00e3o ou de n\u00e3o usar nenhum<\/strong>\u201d, explicou Julie Mansfield, coautora do estudo, professora associada de pesquisa da Escola de Ci\u00eancias da Sa\u00fade e Reabilita\u00e7\u00e3o e codiretora do Center for Child Injury Prevention Studies.<\/p>\n<p>Segundo a pesquisadora, uma poss\u00edvel explica\u00e7\u00e3o \u00e9 que algumas crian\u00e7as passem para o assento de eleva\u00e7\u00e3o ou para o cinto de seguran\u00e7a de tr\u00eas pontos antes de atingirem a idade ou o tamanho recomendados. Outras simplesmente deixam de utilizar os dispositivos de seguran\u00e7a.<\/p>\n<p><strong>Leia mais:<\/strong><\/p>\n<ul>\n<li><a href=\"https:\/\/olhardigital.com.br\/2026\/09\/01\/medicina-e-saude\/estudo-encontra-36-genes-ligados-ao-toc-e-a-tiques-cronicos\/\" target=\"_blank\" rel=\"noreferrer noopener\">Estudo encontra 36 genes ligados ao TOC e a tiques cr\u00f4nicos<\/a><\/li>\n<li><a href=\"https:\/\/olhardigital.com.br\/2026\/08\/31\/medicina-e-saude\/mounjaro-ganha-nova-funcao-contra-infarto-e-avc-nos-eua\/\" target=\"_blank\" rel=\"noreferrer noopener\">Mounjaro ganha nova fun\u00e7\u00e3o contra infarto e AVC nos EUA<\/a><\/li>\n<li><a href=\"https:\/\/olhardigital.com.br\/2026\/08\/31\/medicina-e-saude\/diabetes-ganha-nova-caneta-no-brasil-apos-registro-da-anvisa\/\" target=\"_blank\" rel=\"noreferrer noopener\">Diabetes ganha nova caneta no Brasil ap\u00f3s registro da Anvisa<\/a><\/li>\n<\/ul>\n<h2 class=\"wp-block-heading\" id=\"h-lesoes-na-cabeca-foram-as-mais-comuns\">Les\u00f5es na cabe\u00e7a foram as mais comuns<\/h2>\n<p>No conjunto de dados analisado, as crian\u00e7as sofreram <strong>182.157 les\u00f5es<\/strong> ao longo dos cinco anos. Os ferimentos na cabe\u00e7a foram os mais frequentes, representando <strong>46% do total<\/strong>. Em seguida apareceram as les\u00f5es nos bra\u00e7os e nas pernas, respons\u00e1veis por 26% dos casos.<\/p>\n<p>Cerca de <strong>41% das crian\u00e7as sofreram les\u00f5es graves<\/strong>. O levantamento tamb\u00e9m registrou <strong>1.008 mortes<\/strong> entre os pacientes inclu\u00eddos na an\u00e1lise. Os pesquisadores afirmam que os resultados refor\u00e7am a import\u00e2ncia de utilizar corretamente cadeirinhas, assentos de eleva\u00e7\u00e3o e cintos de seguran\u00e7a.<\/p>\n<p>\u201cO aumento das chances de les\u00f5es graves e mortes entre crian\u00e7as que utilizavam dispositivos de reten\u00e7\u00e3o de forma inadequada ou que n\u00e3o estavam presas ressalta a import\u00e2ncia fundamental de cadeirinhas, assentos de eleva\u00e7\u00e3o e cintos de seguran\u00e7a\u201d, disse Baker.<\/p>\n<p>Para a pesquisadora, \u00e9 necess\u00e1rio ampliar principalmente as orienta\u00e7\u00f5es sobre <strong>quando fazer a transi\u00e7\u00e3o entre os diferentes dispositivos de reten\u00e7\u00e3o<\/strong>, com aten\u00e7\u00e3o especial \u00e0s crian\u00e7as mais velhas.<\/p>\n<p>O post <a href=\"https:\/\/olhardigital.com.br\/2026\/09\/01\/medicina-e-saude\/mais-da-metade-das-criancas-feridas-em-acidentes-de-carro-usa-cinto-ou-cadeirinha-de-forma-errada\/\">Mais da metade das crian\u00e7as feridas em acidentes de carro usa cinto ou cadeirinha de forma errada<\/a> apareceu primeiro em <a href=\"https:\/\/olhardigital.com.br\/\">Olhar Digital<\/a>.<\/p>\n<\/div>\n","protected":false},"excerpt":{"rendered":"<p>Mais da metade das crian\u00e7as envolvidas em acidentes de carro que sofreram ferimentos n\u00e3o estava usando nenhum dispositivo de seguran\u00e7a ou utilizava um sistema de reten\u00e7\u00e3o inadequado para sua idade, altura ou peso. A conclus\u00e3o \u00e9 de um estudo realizado por pesquisadores da Faculdade de Medicina da Ohio State University (EUA). Segundo a pesquisa, o<\/p>\n","protected":false},"author":6,"featured_media":15030,"comment_status":"closed","ping_status":"closed","sticky":false,"template":"","format":"standard","meta":{"fifu_image_url":"https:\/\/olhardigital.com.br\/wp-content\/uploads\/2026\/09\/cadeirinha-1024x682.jpg","fifu_image_alt":"Mais da metade das crian\u00e7as feridas em acidentes de carro usa cinto ou cadeirinha de forma errada","footnotes":""},"categories":[33],"tags":[],"class_list":["post-15029","post","type-post","status-publish","format-standard","has-post-thumbnail","hentry","category-noticias"],"_links":{"self":[{"href":"https:\/\/ilheusnews.com.br\/index.php?rest_route=\/wp\/v2\/posts\/15029","targetHints":{"allow":["GET"]}}],"collection":[{"href":"https:\/\/ilheusnews.com.br\/index.php?rest_route=\/wp\/v2\/posts"}],"about":[{"href":"https:\/\/ilheusnews.com.br\/index.php?rest_route=\/wp\/v2\/types\/post"}],"author":[{"embeddable":true,"href":"https:\/\/ilheusnews.com.br\/index.php?rest_route=\/wp\/v2\/users\/6"}],"replies":[{"embeddable":true,"href":"https:\/\/ilheusnews.com.br\/index.php?rest_route=%2Fwp%2Fv2%2Fcomments&post=15029"}],"version-history":[{"count":0,"href":"https:\/\/ilheusnews.com.br\/index.php?rest_route=\/wp\/v2\/posts\/15029\/revisions"}],"wp:featuredmedia":[{"embeddable":true,"href":"https:\/\/ilheusnews.com.br\/index.php?rest_route=\/wp\/v2\/media\/15030"}],"wp:attachment":[{"href":"https:\/\/ilheusnews.com.br\/index.php?rest_route=%2Fwp%2Fv2%2Fmedia&parent=15029"}],"wp:term":[{"taxonomy":"category","embeddable":true,"href":"https:\/\/ilheusnews.com.br\/index.php?rest_route=%2Fwp%2Fv2%2Fcategories&post=15029"},{"taxonomy":"post_tag","embeddable":true,"href":"https:\/\/ilheusnews.com.br\/index.php?rest_route=%2Fwp%2Fv2%2Ftags&post=15029"}],"curies":[{"name":"wp","href":"https:\/\/api.w.org\/{rel}","templated":true}]}}