{"id":15023,"date":"2026-09-01T18:02:20","date_gmt":"2026-09-01T21:02:20","guid":{"rendered":"https:\/\/ilheusnews.com.br\/?p=15023"},"modified":"2026-09-01T18:02:20","modified_gmt":"2026-09-01T21:02:20","slug":"politica-nacional-para-o-sistema-costeiro-marinho-vai-a-plenario","status":"publish","type":"post","link":"https:\/\/ilheusnews.com.br\/?p=15023","title":{"rendered":"Pol\u00edtica nacional para o Sistema Costeiro-Marinho vai a Plen\u00e1rio"},"content":{"rendered":"<div>A Comiss\u00e3o de Meio Ambiente (CMA) aprovou nesta ter\u00e7a-feira (1\u00ba) proposta que cria a Pol\u00edtica Nacional para a Gest\u00e3o Integrada, a Conserva\u00e7\u00e3o e o Uso Sustent\u00e1vel do Sistema Costeiro-Marinho (PNGCMar). O PL 2.673\/2025 segue com urg\u00eancia para an\u00e1lise do Plen\u00e1rio. O projeto altera a Lei 8.617, de 1993\u00a0para incluir as infra\u00e7\u00f5es ambientais entre as ocorr\u00eancias que o Brasil deve evitar em seu territ\u00f3rio ou mar territorial. A proposta tamb\u00e9m estabelece princ\u00edpios, diretrizes, objetivos e instrumentos para integrar a conserva\u00e7\u00e3o ambiental ao planejamento e ao uso econ\u00f4mico das \u00e1reas costeiras e marinhas. O texto, do ex-deputado federal Sarney Filho (MA), recebeu parecer favor\u00e1vel do senador Rog\u00e9rio Carvalho (PT-SE). Abrang\u00eancia Pela proposta, o Sistema Costeiro-Marinho ser\u00e1 formado pelos ecossistemas presentes na zona costeira e no espa\u00e7o marinho sob jurisdi\u00e7\u00e3o nacional. A \u00e1rea marinha compreende o mar territorial, a zona econ\u00f4mica exclusiva e a plataforma continental, inclu\u00edda sua extens\u00e3o al\u00e9m das 200 milhas mar\u00edtimas. A parte continental ser\u00e1 delimitada a partir das \u00e1reas de influ\u00eancia marinha, lagunar e fluviomarinha. Nas zonas de transi\u00e7\u00e3o entre o Sistema Costeiro-Marinho e os biomas Mata Atl\u00e2ntica, Caatinga, Pampa e Amaz\u00f4nia, dever\u00e1 ser aplicado o regime jur\u00eddico que ofere\u00e7a os instrumentos mais favor\u00e1veis \u00e0 conserva\u00e7\u00e3o e ao uso sustent\u00e1vel da biodiversidade, da paisagem e dos recursos naturais associados. Ou seja, se mais de um conjunto de normas puder ser usado na mesma \u00e1rea, deve prevalecer aquele que proteger melhor a biodiversidade, a paisagem e os recursos naturais. A pol\u00edtica ter\u00e1 como princ\u00edpios a preven\u00e7\u00e3o, a precau\u00e7\u00e3o, o desenvolvimento sustent\u00e1vel, a integra\u00e7\u00e3o das decis\u00f5es econ\u00f4micas, ambientais e sociais, a participa\u00e7\u00e3o da sociedade, a transpar\u00eancia, o acesso \u00e0 informa\u00e7\u00e3o e as regras do poluidor-pagador e do protetor-recebedor (quem degrada paga pelos danos; quem protege pode ser recompensado). Tamb\u00e9m ser\u00e3o adotadas a gest\u00e3o compartilhada e a gest\u00e3o baseada no funcionamento dos ecossistemas. (Ag\u00eancia Senado)<\/div>\n","protected":false},"excerpt":{"rendered":"<p>A Comiss\u00e3o de Meio Ambiente (CMA) aprovou nesta ter\u00e7a-feira (1\u00ba) proposta que cria a Pol\u00edtica Nacional para a Gest\u00e3o Integrada, a Conserva\u00e7\u00e3o e o Uso Sustent\u00e1vel do Sistema Costeiro-Marinho (PNGCMar). O PL 2.673\/2025 segue com urg\u00eancia para an\u00e1lise do Plen\u00e1rio. O projeto altera a Lei 8.617, de 1993\u00a0para incluir as infra\u00e7\u00f5es ambientais entre as ocorr\u00eancias<\/p>\n","protected":false},"author":8,"featured_media":0,"comment_status":"closed","ping_status":"closed","sticky":false,"template":"","format":"standard","meta":{"fifu_image_url":"","fifu_image_alt":"","footnotes":""},"categories":[33],"tags":[],"class_list":["post-15023","post","type-post","status-publish","format-standard","hentry","category-noticias"],"_links":{"self":[{"href":"https:\/\/ilheusnews.com.br\/index.php?rest_route=\/wp\/v2\/posts\/15023","targetHints":{"allow":["GET"]}}],"collection":[{"href":"https:\/\/ilheusnews.com.br\/index.php?rest_route=\/wp\/v2\/posts"}],"about":[{"href":"https:\/\/ilheusnews.com.br\/index.php?rest_route=\/wp\/v2\/types\/post"}],"author":[{"embeddable":true,"href":"https:\/\/ilheusnews.com.br\/index.php?rest_route=\/wp\/v2\/users\/8"}],"replies":[{"embeddable":true,"href":"https:\/\/ilheusnews.com.br\/index.php?rest_route=%2Fwp%2Fv2%2Fcomments&post=15023"}],"version-history":[{"count":0,"href":"https:\/\/ilheusnews.com.br\/index.php?rest_route=\/wp\/v2\/posts\/15023\/revisions"}],"wp:attachment":[{"href":"https:\/\/ilheusnews.com.br\/index.php?rest_route=%2Fwp%2Fv2%2Fmedia&parent=15023"}],"wp:term":[{"taxonomy":"category","embeddable":true,"href":"https:\/\/ilheusnews.com.br\/index.php?rest_route=%2Fwp%2Fv2%2Fcategories&post=15023"},{"taxonomy":"post_tag","embeddable":true,"href":"https:\/\/ilheusnews.com.br\/index.php?rest_route=%2Fwp%2Fv2%2Ftags&post=15023"}],"curies":[{"name":"wp","href":"https:\/\/api.w.org\/{rel}","templated":true}]}}