{"id":15020,"date":"2026-09-01T18:02:07","date_gmt":"2026-09-01T21:02:07","guid":{"rendered":"https:\/\/ilheusnews.com.br\/?p=15020"},"modified":"2026-09-01T18:02:07","modified_gmt":"2026-09-01T21:02:07","slug":"simples-nacional-prazo-para-optar-pelo-regime-simplificado-nesta-terca-feira-1o","status":"publish","type":"post","link":"https:\/\/ilheusnews.com.br\/?p=15020","title":{"rendered":"Simples Nacional: prazo para optar pelo regime simplificado nesta ter\u00e7a-feira (1\u00ba)"},"content":{"rendered":"<div>O prazo para empresas solicitarem a op\u00e7\u00e3o pelo\u00a0Simples Nacional\u00a0para 2027 come\u00e7a nesta ter\u00e7a-feira (1\u00ba) e termina em 30 de setembro de 2026. A mudan\u00e7a antecipa o per\u00edodo de ades\u00e3o, que tradicionalmente ocorria em janeiro, e foi estabelecida no contexto da regulamenta\u00e7\u00e3o da\u00a0Reforma Tribut\u00e1ria\u00a0sobre o Consumo. (Foto ilustra\u00e7\u00e3o) A solicita\u00e7\u00e3o deve ser feita por empresas que atualmente n\u00e3o s\u00e3o optantes pelo Simples Nacional e pretendem ingressar no regime a partir de 1\u00ba de janeiro de 2027. A regra tamb\u00e9m alcan\u00e7a empresas que foram exclu\u00eddas e desejam retornar ao regime, desde que cumpram os requisitos para enquadramento. A altera\u00e7\u00e3o do calend\u00e1rio exige aten\u00e7\u00e3o de empresas e escrit\u00f3rios de\u00a0contabilidade, principalmente porque setembro tamb\u00e9m ser\u00e1 o per\u00edodo para uma decis\u00e3o relacionada ao Imposto sobre Bens e Servi\u00e7os (IBS) e \u00e0 Contribui\u00e7\u00e3o sobre Bens e Servi\u00e7os (CBS). Quem precisa fazer a op\u00e7\u00e3o em setembro Devem solicitar a op\u00e7\u00e3o as empresas que n\u00e3o est\u00e3o no Simples Nacional e querem ingressar no regime em 2027. Tamb\u00e9m precisam observar o prazo aquelas que foram exclu\u00eddas e pretendem voltar ao sistema no pr\u00f3ximo ano. A op\u00e7\u00e3o realizada entre 1\u00ba e 30 de setembro produzir\u00e1 efeitos a partir de 1\u00ba de janeiro de 2027. O pedido poder\u00e1 ser cancelado at\u00e9 30 de novembro de 2026. Antes de fazer a solicita\u00e7\u00e3o, \u00e9 necess\u00e1rio verificar a exist\u00eancia de pend\u00eancias que possam impedir o ingresso no regime. (S\u00e2mara Azevedo)<\/div>\n","protected":false},"excerpt":{"rendered":"<p>O prazo para empresas solicitarem a op\u00e7\u00e3o pelo\u00a0Simples Nacional\u00a0para 2027 come\u00e7a nesta ter\u00e7a-feira (1\u00ba) e termina em 30 de setembro de 2026. A mudan\u00e7a antecipa o per\u00edodo de ades\u00e3o, que tradicionalmente ocorria em janeiro, e foi estabelecida no contexto da regulamenta\u00e7\u00e3o da\u00a0Reforma Tribut\u00e1ria\u00a0sobre o Consumo. (Foto ilustra\u00e7\u00e3o) A solicita\u00e7\u00e3o deve ser feita por empresas que<\/p>\n","protected":false},"author":8,"featured_media":0,"comment_status":"closed","ping_status":"closed","sticky":false,"template":"","format":"standard","meta":{"fifu_image_url":"","fifu_image_alt":"","footnotes":""},"categories":[33],"tags":[],"class_list":["post-15020","post","type-post","status-publish","format-standard","hentry","category-noticias"],"_links":{"self":[{"href":"https:\/\/ilheusnews.com.br\/index.php?rest_route=\/wp\/v2\/posts\/15020","targetHints":{"allow":["GET"]}}],"collection":[{"href":"https:\/\/ilheusnews.com.br\/index.php?rest_route=\/wp\/v2\/posts"}],"about":[{"href":"https:\/\/ilheusnews.com.br\/index.php?rest_route=\/wp\/v2\/types\/post"}],"author":[{"embeddable":true,"href":"https:\/\/ilheusnews.com.br\/index.php?rest_route=\/wp\/v2\/users\/8"}],"replies":[{"embeddable":true,"href":"https:\/\/ilheusnews.com.br\/index.php?rest_route=%2Fwp%2Fv2%2Fcomments&post=15020"}],"version-history":[{"count":0,"href":"https:\/\/ilheusnews.com.br\/index.php?rest_route=\/wp\/v2\/posts\/15020\/revisions"}],"wp:attachment":[{"href":"https:\/\/ilheusnews.com.br\/index.php?rest_route=%2Fwp%2Fv2%2Fmedia&parent=15020"}],"wp:term":[{"taxonomy":"category","embeddable":true,"href":"https:\/\/ilheusnews.com.br\/index.php?rest_route=%2Fwp%2Fv2%2Fcategories&post=15020"},{"taxonomy":"post_tag","embeddable":true,"href":"https:\/\/ilheusnews.com.br\/index.php?rest_route=%2Fwp%2Fv2%2Ftags&post=15020"}],"curies":[{"name":"wp","href":"https:\/\/api.w.org\/{rel}","templated":true}]}}