{"id":15009,"date":"2026-09-01T12:01:53","date_gmt":"2026-09-01T15:01:53","guid":{"rendered":"https:\/\/ilheusnews.com.br\/?p=15009"},"modified":"2026-09-01T12:01:53","modified_gmt":"2026-09-01T15:01:53","slug":"justica-determina-reativacao-do-instagram-do-vice-prefeito-pablo-roberto","status":"publish","type":"post","link":"https:\/\/ilheusnews.com.br\/?p=15009","title":{"rendered":"Justi\u00e7a determina reativa\u00e7\u00e3o do Instagram do vice-prefeito Pablo Roberto"},"content":{"rendered":"<div>A Justi\u00e7a determinou que a empresa Facebook Servi\u00e7os Online do Brasil Ltda restabele\u00e7a integralmente, no prazo de 48 horas, a conta do perfil @oficialpabloroberto no Instagram, de titularidade de Pablo Roberto (foto ilustra\u00e7\u00e3o), vice-prefeito de Feira de Santana. A decis\u00e3o liminar, proferida pela ju\u00edza Josefa Cristina Tomaz Martins Kunrath, fixou multa di\u00e1ria de R$ 300,00 em caso de descumprimento, ap\u00f3s o banimento unilateral e imotivado da p\u00e1gina que reunia mais de 55 mil seguidores desde o final de agosto de 2026. Na fundamenta\u00e7\u00e3o da medida de urg\u00eancia, a magistrada destacou que o bloqueio repentino, realizado sem a devida transpar\u00eancia ou notifica\u00e7\u00e3o pr\u00e9via por parte da plataforma, violou a probabilidade do direito do autor. O provimento jurisdicional ressaltou ainda que, por ocupar cargo p\u00fablico de relev\u00e2ncia, a conta digital funciona como canal essencial de publicidade institucional e intera\u00e7\u00e3o direta com a sociedade civil para demonstrar as realiza\u00e7\u00f5es da gest\u00e3o municipal, tornando o apagamento abrupto da identidade digital um evidente risco de dano \u00e0 comunica\u00e7\u00e3o comunit\u00e1ria. A controv\u00e9rsia jur\u00eddica ganhou repercuss\u00e3o ap\u00f3s o pr\u00f3prio secret\u00e1rio de Educa\u00e7\u00e3o e vice-prefeito relatar o banimento de sua conta, que contava inicialmente com 55.400 seguidores dedicados a acompanhar a sua rotina oficial. Diante da supress\u00e3o do canal de comunica\u00e7\u00e3o \u2014 que ocorreu sem justificativa clara por parte da gigante tecnol\u00f3gica \u2014, a assessoria jur\u00eddica de Pablo Roberto acionou o Poder Judici\u00e1rio para reverter a penalidade e assegurar o restabelecimento imediato das funcionalidades da p\u00e1gina na rede social. (Da Reda\u00e7\u00e3o)<\/div>\n","protected":false},"excerpt":{"rendered":"<p>A Justi\u00e7a determinou que a empresa Facebook Servi\u00e7os Online do Brasil Ltda restabele\u00e7a integralmente, no prazo de 48 horas, a conta do perfil @oficialpabloroberto no Instagram, de titularidade de Pablo Roberto (foto ilustra\u00e7\u00e3o), vice-prefeito de Feira de Santana. A decis\u00e3o liminar, proferida pela ju\u00edza Josefa Cristina Tomaz Martins Kunrath, fixou multa di\u00e1ria de R$ 300,00<\/p>\n","protected":false},"author":8,"featured_media":0,"comment_status":"closed","ping_status":"closed","sticky":false,"template":"","format":"standard","meta":{"fifu_image_url":"","fifu_image_alt":"","footnotes":""},"categories":[33],"tags":[],"class_list":["post-15009","post","type-post","status-publish","format-standard","hentry","category-noticias"],"_links":{"self":[{"href":"https:\/\/ilheusnews.com.br\/index.php?rest_route=\/wp\/v2\/posts\/15009","targetHints":{"allow":["GET"]}}],"collection":[{"href":"https:\/\/ilheusnews.com.br\/index.php?rest_route=\/wp\/v2\/posts"}],"about":[{"href":"https:\/\/ilheusnews.com.br\/index.php?rest_route=\/wp\/v2\/types\/post"}],"author":[{"embeddable":true,"href":"https:\/\/ilheusnews.com.br\/index.php?rest_route=\/wp\/v2\/users\/8"}],"replies":[{"embeddable":true,"href":"https:\/\/ilheusnews.com.br\/index.php?rest_route=%2Fwp%2Fv2%2Fcomments&post=15009"}],"version-history":[{"count":0,"href":"https:\/\/ilheusnews.com.br\/index.php?rest_route=\/wp\/v2\/posts\/15009\/revisions"}],"wp:attachment":[{"href":"https:\/\/ilheusnews.com.br\/index.php?rest_route=%2Fwp%2Fv2%2Fmedia&parent=15009"}],"wp:term":[{"taxonomy":"category","embeddable":true,"href":"https:\/\/ilheusnews.com.br\/index.php?rest_route=%2Fwp%2Fv2%2Fcategories&post=15009"},{"taxonomy":"post_tag","embeddable":true,"href":"https:\/\/ilheusnews.com.br\/index.php?rest_route=%2Fwp%2Fv2%2Ftags&post=15009"}],"curies":[{"name":"wp","href":"https:\/\/api.w.org\/{rel}","templated":true}]}}