{"id":15006,"date":"2026-09-01T12:01:46","date_gmt":"2026-09-01T15:01:46","guid":{"rendered":"https:\/\/ilheusnews.com.br\/?p=15006"},"modified":"2026-09-01T12:01:46","modified_gmt":"2026-09-01T15:01:46","slug":"laje-prefeita-jaci-reis-tem-pedido-de-suspensao-de-contratacoes-negado-pelo-tcm","status":"publish","type":"post","link":"https:\/\/ilheusnews.com.br\/?p=15006","title":{"rendered":"Laje: Prefeita Jaci Reis tem pedido de suspens\u00e3o de contrata\u00e7\u00f5es negado pelo TCM"},"content":{"rendered":"<div>A prefeita Jaci Reis (PSD \u2013 foto ilustra\u00e7\u00e3o) teve negado o pedido para suspender as contrata\u00e7\u00f5es tempor\u00e1rias realizadas pela prefeitura de Laje. A decis\u00e3o foi tomada pela conselheira Camila Vasquez, do Tribunal de Contas dos Munic\u00edpios (TCM), em processo que apura poss\u00edveis irregularidades nas admiss\u00f5es feitas no primeiro trimestre de 2026. Segundo o processo, foram registradas 788 contrata\u00e7\u00f5es tempor\u00e1rias no per\u00edodo, sem a realiza\u00e7\u00e3o de processo seletivo simplificado publicado, conforme dados do sistema integrado de gest\u00e3o e auditoria do TCM. A apura\u00e7\u00e3o considera que a pr\u00e1tica pode contrariar as regras previstas na Constitui\u00e7\u00e3o para contrata\u00e7\u00e3o tempor\u00e1ria. A prefeita ter\u00e1 20 dias para apresentar esclarecimentos sobre o caso. Ao analisar o pedido de suspens\u00e3o imediata das contrata\u00e7\u00f5es, a relatora entendeu que os dados dispon\u00edveis ainda n\u00e3o s\u00e3o suficientes para comprovar uma irregularidade que justifique a medida. A decis\u00e3o tamb\u00e9m considera que as admiss\u00f5es estariam ligadas a necessidades espec\u00edficas da administra\u00e7\u00e3o, incluindo educa\u00e7\u00e3o, sa\u00fade e assist\u00eancia social. O processo continuar\u00e1 sendo analisado pelo TCM antes de uma decis\u00e3o definitiva. (Da Reda\u00e7\u00e3o)<\/div>\n","protected":false},"excerpt":{"rendered":"<p>A prefeita Jaci Reis (PSD \u2013 foto ilustra\u00e7\u00e3o) teve negado o pedido para suspender as contrata\u00e7\u00f5es tempor\u00e1rias realizadas pela prefeitura de Laje. A decis\u00e3o foi tomada pela conselheira Camila Vasquez, do Tribunal de Contas dos Munic\u00edpios (TCM), em processo que apura poss\u00edveis irregularidades nas admiss\u00f5es feitas no primeiro trimestre de 2026. Segundo o processo, foram<\/p>\n","protected":false},"author":8,"featured_media":0,"comment_status":"closed","ping_status":"closed","sticky":false,"template":"","format":"standard","meta":{"fifu_image_url":"","fifu_image_alt":"","footnotes":""},"categories":[33],"tags":[],"class_list":["post-15006","post","type-post","status-publish","format-standard","hentry","category-noticias"],"_links":{"self":[{"href":"https:\/\/ilheusnews.com.br\/index.php?rest_route=\/wp\/v2\/posts\/15006","targetHints":{"allow":["GET"]}}],"collection":[{"href":"https:\/\/ilheusnews.com.br\/index.php?rest_route=\/wp\/v2\/posts"}],"about":[{"href":"https:\/\/ilheusnews.com.br\/index.php?rest_route=\/wp\/v2\/types\/post"}],"author":[{"embeddable":true,"href":"https:\/\/ilheusnews.com.br\/index.php?rest_route=\/wp\/v2\/users\/8"}],"replies":[{"embeddable":true,"href":"https:\/\/ilheusnews.com.br\/index.php?rest_route=%2Fwp%2Fv2%2Fcomments&post=15006"}],"version-history":[{"count":0,"href":"https:\/\/ilheusnews.com.br\/index.php?rest_route=\/wp\/v2\/posts\/15006\/revisions"}],"wp:attachment":[{"href":"https:\/\/ilheusnews.com.br\/index.php?rest_route=%2Fwp%2Fv2%2Fmedia&parent=15006"}],"wp:term":[{"taxonomy":"category","embeddable":true,"href":"https:\/\/ilheusnews.com.br\/index.php?rest_route=%2Fwp%2Fv2%2Fcategories&post=15006"},{"taxonomy":"post_tag","embeddable":true,"href":"https:\/\/ilheusnews.com.br\/index.php?rest_route=%2Fwp%2Fv2%2Ftags&post=15006"}],"curies":[{"name":"wp","href":"https:\/\/api.w.org\/{rel}","templated":true}]}}