{"id":15000,"date":"2026-09-01T06:03:52","date_gmt":"2026-09-01T09:03:52","guid":{"rendered":"https:\/\/ilheusnews.com.br\/?p=15000"},"modified":"2026-09-01T06:03:52","modified_gmt":"2026-09-01T09:03:52","slug":"resumo-do-od-troca-de-comando-na-apple-el-nino-em-2026-e-alerta-da-reforma-tributaria","status":"publish","type":"post","link":"https:\/\/ilheusnews.com.br\/?p=15000","title":{"rendered":"Resumo do OD: troca de comando na Apple; El Ni\u00f1o em 2026 e alerta da reforma tribut\u00e1ria"},"content":{"rendered":"<div>\n<p><strong><em>Esse \u00e9 um trecho da newsletter Primeiro Olhar, dispon\u00edvel para assinantes do <a href=\"https:\/\/olhardigital.com.br\/assinar\/\" target=\"_blank\" rel=\"noreferrer noopener\">Clube Olhar Digital<\/a><br \/><\/em><\/strong>Hoje \u00e9 dia de troca de comando em uma das maiores empresas do mundo. A reportagem a seguir \u00e9 do Pedro Spadoni.<\/p>\n<h2 class=\"wp-block-heading\" id=\"h-novo-ceo-da-apple-os-desafios-que-john-ternus-vai-enfrentar\">Novo CEO da Apple: os desafios que John Ternus vai enfrentar<\/h2>\n<p>O engenheiro John Ternus assume o posto de CEO da <a href=\"https:\/\/olhardigital.com.br\/tag\/apple\/\" target=\"_blank\" rel=\"noreferrer noopener\">Apple<\/a>, no lugar de Tim Cook, nesta ter\u00e7a-feira (1\u00ba). Ao longo dos seus 25 anos na empresa, Ternus trabalhou em design de produtos e engenharia de hardware \u2013 departamento onde sentou na cadeira de vice-presidente por 13 anos.<\/p>\n<p>\u201cTim Cook era mais voltado para processos, enquanto Ternus \u00e9 mais ligado \u00e0 tecnologia e ao produto\u201d, explica Arthur Igreja, especialista em tecnologia e inova\u00e7\u00e3o, em entrevista ao <strong>Olhar Digital<\/strong>. \u201cNo passado, isso poderia gerar muita desconfian\u00e7a. Mas o sucesso que Tim Cook teve cria esse ambiente de confian\u00e7a.\u201d<\/p>\n<h3 class=\"wp-block-heading\" id=\"h-quem-e-john-ternus\">Quem \u00e9 John Ternus<\/h3>\n<p>O engenheiro de 51 anos \u00e9 conhecido por sua const\u00e2ncia, pragmatismo e foco em resultados. Formado pela Universidade da Pensilv\u00e2nia, Ternus trabalhou na Virtual Research Systems antes de ingressar na Apple, em 2001.<\/p>\n<p>Ternus come\u00e7ou a trabalhar na empresa na equipe de design de produtos. Em 2013, chegou ao cargo de vice-presidente de engenharia de hardware. Em 2021, foi promovido a vice-presidente s\u00eanior. Isso fez dele o membro mais jovem da equipe executiva principal. A partir dali, ele reportava para Tim Cook de maneira direta.<\/p>\n<p>Foi sob o comando de Ternus que a engenharia de hardware da Apple desenvolveu produtos que se tornariam ic\u00f4nicos \u2013 para o bem e para o mal. Entre os acertos, d\u00e1 para citar o Apple Watch e os AirPods. Entre os trope\u00e7os, est\u00e1 o Apple Vision Pro, \u00f3culos de realidade mista (virtual e aumentada) que n\u00e3o venderam nem despertaram tanto interesse quanto a companhia esperava.<\/p>\n<div class=\"wp-block-image\">\n<figure class=\"aligncenter size-large\"><figcaption class=\"wp-element-caption\">Na era Tim Cook, a Apple lan\u00e7ou dispositivos que \u2018pegaram\u2019 e outros que nem tanto \u2013 Imagem: Olhar Digital via ChatGPT<\/figcaption><\/figure>\n<\/div>\n<p>A <a href=\"https:\/\/olhardigital.com.br\/2026\/09\/01\/pro\/novo-ceo-da-apple-os-desafios-que-john-ternus-vai-enfrentar\/\" target=\"_blank\" rel=\"noreferrer noopener\">reportagem completa<\/a> sobre o perfil de Ternus e os desafios do novo CEO da Apple est\u00e1 aqui.<\/p>\n<h2 class=\"wp-block-heading\" id=\"h-o-legado-de-tim-cook-na-apple\">O legado de Tim Cook na Apple<\/h2>\n<p>S\u00f3 Steve Jobs poderia ter criado a <a href=\"https:\/\/olhardigital.com.br\/tag\/apple\/\" target=\"_blank\" rel=\"noreferrer noopener\">Apple<\/a>. Mas ningu\u00e9m al\u00e9m de Tim Cook poderia desenvolver a Apple como ele desenvolveu. \u00c9 assim que Warren Buffet, um dos maiores acionistas da big tech e refer\u00eancia gigantesca no mundo dos neg\u00f3cios, descreve Cook.<\/p>\n<p>Tim Cook ocupou o cargo por 15 anos. E n\u00e3o vai sair da Apple. Agora, ele vai para a cadeira de Presidente Executivo do Conselho de Administra\u00e7\u00e3o. Na pr\u00e1tica, vai gravitar no entorno de John Ternus.<\/p>\n<p>Quando perguntado <a href=\"https:\/\/www.cbsnews.com\/video\/ceo-tim-cook-touts-apples-push-for-american-manufacturing-discusses-his-legacy\/\">em entrevista \u00e0 <em>CNBC<\/em><\/a> sobre o legado que deixa na Apple, Cook respondeu o seguinte: \u201cNa minha opini\u00e3o, seu legado \u00e9 descrito pelos outros, n\u00e3o por voc\u00ea. Ent\u00e3o, espero que as pessoas digam que eu fui um homem bom e decente. E se elas disserem isso no final do dia, vou sentir que alcancei algo.\u201d<\/p>\n<p>Quando assumiu o comando da Apple, em 2011, Tim Cook enfrentou uma onda brutal de ceticismo. Na \u00e9poca, ele era visto como um \u201cgerente sisudo de custos e processos\u201d, enquanto Steve Jobs era visto como \u201csuperstar\u201d e vision\u00e1rio, relembra Arthur Igreja.<\/p>\n<p>\u201cO que aconteceu foi o contr\u00e1rio\u201d, segundo Igreja. \u201cUma empresa que celebrou seus 50 anos de forma grandiosa e que, por v\u00e1rias vezes, esteve no topo das empresas mais valiosas do mundo.\u201d<\/p>\n<p>\u201cTim Cook entra para a galeria dos grandes CEOs das \u00faltimas duas d\u00e9cadas, pelo menos\u201d \u2013 completa.<\/p>\n<p>A <a href=\"https:\/\/olhardigital.com.br\/2026\/09\/01\/pro\/fim-de-uma-era-o-legado-de-tim-cook-na-apple\/\" target=\"_blank\" rel=\"noreferrer noopener\">reportagem completa<\/a> sobre o legado de Tim Cook est\u00e1 aqui.<\/p>\n<h2 class=\"wp-block-heading\" id=\"h-apple-diz-ter-encontrado-evidencias-chocantes-contra-openai-em-macbook\">Apple diz ter encontrado \u201cevid\u00eancias chocantes\u201d contra OpenAI em MacBook<\/h2>\n<p>A\u00a0<a href=\"https:\/\/olhardigital.com.br\/tag\/apple\/\" target=\"_blank\" rel=\"noreferrer noopener\">Apple<\/a>\u00a0apresentou nesta segunda-feira (31) um novo documento \u00e0 Justi\u00e7a dos Estados Unidos no processo contra a\u00a0<a href=\"https:\/\/olhardigital.com.br\/tag\/openai\/\" target=\"_blank\" rel=\"noreferrer noopener\">OpenAI<\/a>\u00a0e ex-funcion\u00e1rios da empresa. Segundo a companhia, uma\u00a0<strong>an\u00e1lise forense inicial do MacBook<\/strong>\u00a0usado pelo ex-engenheiro Chang Liu encontrou evid\u00eancias que, na avalia\u00e7\u00e3o da Apple, refor\u00e7am a acusa\u00e7\u00e3o de uso indevido de segredos comerciais.<\/p>\n<p>Liu \u00e9 um dos r\u00e9us no processo aberto pela Apple em julho. O ex-funcion\u00e1rio era engenheiro s\u00eanior de sistemas el\u00e9tricos da companhia e deixou a empresa para trabalhar na OpenAI em janeiro. A Apple afirma que ele explorou uma falha de seguran\u00e7a para baixar arquivos confidenciais de engenharia depois de sair da companhia.<\/p>\n<p><a href=\"https:\/\/olhardigital.com.br\/2026\/08\/31\/pro\/apple-diz-ter-encontrado-evidencias-chocantes-contra-openai-em-macbook\/\" target=\"_blank\" rel=\"noreferrer noopener\">Saiba mais clicando aqui.<\/a><\/p>\n<h2 class=\"wp-block-heading\" id=\"h-quem-seguir-x-e-questionado-por-recomendar-candidatos-mesmo-apos-atualizar-filtro\">Quem seguir? X \u00e9 questionado por recomendar candidatos mesmo ap\u00f3s atualizar filtro<\/h2>\n<p>O Sleeping Giants Brasil, movimento de ciberativismo, apresentou uma\u00a0<strong>Not\u00edcia de Fato \u00e0 Corregedoria-Geral da Justi\u00e7a Eleitoral, no Tribunal Superior Eleitoral (<a href=\"https:\/\/olhardigital.com.br\/tag\/tse\/\" target=\"_blank\" rel=\"noreferrer noopener\">TSE<\/a>)<\/strong>, para pedir a apura\u00e7\u00e3o de poss\u00edveis irregularidades no funcionamento dos sistemas de recomenda\u00e7\u00e3o do\u00a0<a href=\"https:\/\/olhardigital.com.br\/tag\/twitter\/\" target=\"_blank\" rel=\"noreferrer noopener\">X<\/a>\u00a0durante as elei\u00e7\u00f5es de 2026. <\/p>\n<p><a href=\"https:\/\/olhardigital.com.br\/2026\/08\/31\/internet-e-redes-sociais\/quem-seguir-e-questionado-por-recomendar-candidatos-mesmo-apos-atualizar-filtro\/\" target=\"_blank\" rel=\"noreferrer noopener\">A mat\u00e9ria completa est\u00e1 aqui.<\/a><\/p>\n<h2 class=\"wp-block-heading\" id=\"h-reforma-tributaria-o-que-o-mei-precisa-saber-antes-de-2027\">Reforma tribut\u00e1ria: o que o MEI precisa saber antes de 2027<\/h2>\n<p>A\u00a0<a href=\"https:\/\/olhardigital.com.br\/tag\/reforma-tributaria\/\" target=\"_blank\" rel=\"noreferrer noopener\">reforma tribut\u00e1ria<\/a>\u00a0ter\u00e1 impactos diferentes conforme o regime tribut\u00e1rio de cada empresa, e o Microempreendedor Individual (<a href=\"https:\/\/olhardigital.com.br\/tag\/mei\/\" target=\"_blank\" rel=\"noreferrer noopener\">MEI<\/a>) ter\u00e1 regras pr\u00f3prias durante a transi\u00e7\u00e3o. Enquanto microempresas e empresas de pequeno porte do Simples Nacional poder\u00e3o, em determinadas condi\u00e7\u00f5es, optar pelo recolhimento de IBS e CBS pelo regime regular, o MEI continuar\u00e1 submetido ao SIMEI.<\/p>\n<p><a href=\"https:\/\/olhardigital.com.br\/2026\/08\/31\/pro\/reforma-tributaria-o-que-o-mei-precisa-saber-antes-de-2027\/\" target=\"_blank\" rel=\"noreferrer noopener\">Todos os detalhes est\u00e3o aqui.<\/a><\/p>\n<h2 class=\"wp-block-heading\" id=\"h-materia-escura-energia-escura-e-exoplanetas-as-missoes-do-roman\">Mat\u00e9ria escura, energia escura e exoplanetas: as miss\u00f5es do Roman<\/h2>\n<p>Com o lan\u00e7amento bem-sucedido do Telesc\u00f3pio Espacial Nancy Grace Roman, por um foguete Falcon Heavy, da SpaceX,\u00a0<a href=\"https:\/\/olhardigital.com.br\/2026\/08\/30\/ciencia-e-espaco\/nasa-lanca-com-sucesso-o-revolucionario-telescopio-espacial-roman\/\" target=\"_blank\" rel=\"noreferrer noopener\">no \u00faltimo domingo (30)<\/a>, a partir do Centro Espacial Kennedy, na Fl\u00f3rida, a\u00a0<a href=\"https:\/\/olhardigital.com.br\/2026\/08\/30\/ciencia-e-espaco\/roman-e-o-tipo-de-historia-de-sucesso-que-queremos-na-nasa-diz-lider-da-agencia-sobre-telescopio-revolucionario\/\" target=\"_blank\" rel=\"noreferrer noopener\">NASA\u00a0<\/a>inaugurou uma fase sem precedentes no estudo do Universo.<\/p>\n<p><a href=\"https:\/\/olhardigital.com.br\/2026\/08\/31\/ciencia-e-espaco\/materia-escura-energia-escura-e-exoplanetas-entenda-por-que-acabamos-de-dar-um-grande-passo-para-desvendar-alguns-dos-maiores-misterios-do-universo\/\" target=\"_blank\" rel=\"noreferrer noopener\">Leia a mat\u00e9ria na \u00edntegra.<\/a><\/p>\n<h2 class=\"wp-block-heading\" id=\"h-pesquisadores-alertam-vai-ser-dificil-manter-satelites-em-orbita\">Pesquisadores alertam: vai ser dif\u00edcil manter sat\u00e9lites em \u00f3rbita<\/h2>\n<p>A \u00f3rbita baixa da Terra j\u00e1 chegou ao limite operacional seguro, segundo especialistas, e o cen\u00e1rio tende a piorar rapidamente. Como o\u00a0<strong>Olhar Digital<\/strong>\u00a0noticiou neste domingo (30), mais de\u00a0<a href=\"https:\/\/olhardigital.com.br\/2026\/08\/30\/ciencia-e-espaco\/orbita-terrestre-chega-ao-limite-segundo-especialista-espacial\/\" target=\"_blank\" rel=\"noreferrer noopener\">34 mil sat\u00e9lites e detritos circulam pela regi\u00e3o<\/a>, e pelo menos 41 mil novos objetos devem ser lan\u00e7ados at\u00e9 2034.<\/p>\n<p>\u201cVai chegar um momento em que v\u00e3o ter tantos objetos no espa\u00e7o que vai ser dif\u00edcil manter um sat\u00e9lite de grande porte em \u00f3rbita sem que ocorram colis\u00f5es\u201d, disse \u00c9der Martioli, pesquisador titular do Laborat\u00f3rio Nacional de Astrof\u00edsica (LNA\/MCTI) e associado ao Instituto de Astrof\u00edsica de Paris, em\u00a0<a href=\"https:\/\/olhardigital.com.br\/2025\/11\/04\/ciencia-e-espaco\/vao-ter-tantos-objetos-no-espaco-que-vai-ser-dificil-manter-um-satelite-diz-pesquisador\/\" target=\"_blank\" rel=\"noreferrer noopener\">entrevista ao\u00a0<strong>Olhar Digital<\/strong><\/a>.<\/p>\n<p><a href=\"https:\/\/olhardigital.com.br\/2026\/08\/31\/ciencia-e-espaco\/pesquisadores-alertam-vai-ser-dificil-manter-satelites-em-orbita\/\" target=\"_blank\" rel=\"noreferrer noopener\">Confira a reportagem completa.<\/a><\/p>\n<h2 class=\"wp-block-heading\" id=\"h-super-el-nino-2026-pode-ser-o-mais-poderoso-dos-ultimos-150-anos\">Super El Ni\u00f1o 2026 pode ser o mais poderoso dos \u00faltimos 150 anos<\/h2>\n<p>Quando as \u00e1guas do\u00a0<a href=\"https:\/\/olhardigital.com.br\/2025\/08\/19\/ciencia-e-espaco\/por-que-o-oceano-pacifico-e-tao-grande\/\" target=\"_blank\" rel=\"noreferrer noopener\">Oceano Pac\u00edfico<\/a>\u00a0esquentam al\u00e9m do normal, o clima de todo o planeta sofre as consequ\u00eancias. Esse fen\u00f4meno \u00e9 o famoso El Ni\u00f1o. Em\u00a0<a href=\"https:\/\/olhardigital.com.br\/2026\/06\/27\/ciencia-e-espaco\/el-nino-2026-brasil-corre-contra-o-tempo-para-evitar-desastres\/\" target=\"_blank\" rel=\"noreferrer noopener\">2026<\/a>, o evento promete quebrar par\u00e2metros cient\u00edficos e pode se consolidar como o mais poderoso dos \u00faltimos 150 anos.<\/p>\n<p><a href=\"https:\/\/olhardigital.com.br\/2026\/08\/31\/ciencia-e-espaco\/super-el-nino-2026-pode-ser-o-mais-poderoso-dos-ultimos-150-anos\/\" target=\"_blank\" rel=\"noreferrer noopener\">Explicamos tudo aqui!<\/a><\/p>\n<p>O post <a href=\"https:\/\/olhardigital.com.br\/2026\/09\/01\/pro\/resumo-do-od-troca-de-comando-na-apple-el-nino-em-2026-e-alerta-da-reforma-tributaria\/\">Resumo do OD: troca de comando na Apple; El Ni\u00f1o em 2026 e alerta da reforma tribut\u00e1ria<\/a> apareceu primeiro em <a href=\"https:\/\/olhardigital.com.br\/\">Olhar Digital<\/a>.<\/p>\n<\/div>\n","protected":false},"excerpt":{"rendered":"<p>Esse \u00e9 um trecho da newsletter Primeiro Olhar, dispon\u00edvel para assinantes do Clube Olhar DigitalHoje \u00e9 dia de troca de comando em uma das maiores empresas do mundo. A reportagem a seguir \u00e9 do Pedro Spadoni. Novo CEO da Apple: os desafios que John Ternus vai enfrentar O engenheiro John Ternus assume o posto de<\/p>\n","protected":false},"author":6,"featured_media":15001,"comment_status":"closed","ping_status":"closed","sticky":false,"template":"","format":"standard","meta":{"fifu_image_url":"https:\/\/olhardigital.com.br\/wp-content\/uploads\/2026\/08\/Infografico-Produtos-da-Apple-da-era-Tim-Cook-1024x576.jpg","fifu_image_alt":"Resumo do OD: troca de comando na Apple; El Ni\u00f1o em 2026 e alerta da reforma tribut\u00e1ria","footnotes":""},"categories":[33],"tags":[],"class_list":["post-15000","post","type-post","status-publish","format-standard","has-post-thumbnail","hentry","category-noticias"],"_links":{"self":[{"href":"https:\/\/ilheusnews.com.br\/index.php?rest_route=\/wp\/v2\/posts\/15000","targetHints":{"allow":["GET"]}}],"collection":[{"href":"https:\/\/ilheusnews.com.br\/index.php?rest_route=\/wp\/v2\/posts"}],"about":[{"href":"https:\/\/ilheusnews.com.br\/index.php?rest_route=\/wp\/v2\/types\/post"}],"author":[{"embeddable":true,"href":"https:\/\/ilheusnews.com.br\/index.php?rest_route=\/wp\/v2\/users\/6"}],"replies":[{"embeddable":true,"href":"https:\/\/ilheusnews.com.br\/index.php?rest_route=%2Fwp%2Fv2%2Fcomments&post=15000"}],"version-history":[{"count":0,"href":"https:\/\/ilheusnews.com.br\/index.php?rest_route=\/wp\/v2\/posts\/15000\/revisions"}],"wp:featuredmedia":[{"embeddable":true,"href":"https:\/\/ilheusnews.com.br\/index.php?rest_route=\/wp\/v2\/media\/15001"}],"wp:attachment":[{"href":"https:\/\/ilheusnews.com.br\/index.php?rest_route=%2Fwp%2Fv2%2Fmedia&parent=15000"}],"wp:term":[{"taxonomy":"category","embeddable":true,"href":"https:\/\/ilheusnews.com.br\/index.php?rest_route=%2Fwp%2Fv2%2Fcategories&post=15000"},{"taxonomy":"post_tag","embeddable":true,"href":"https:\/\/ilheusnews.com.br\/index.php?rest_route=%2Fwp%2Fv2%2Ftags&post=15000"}],"curies":[{"name":"wp","href":"https:\/\/api.w.org\/{rel}","templated":true}]}}