{"id":14987,"date":"2026-09-01T06:03:48","date_gmt":"2026-09-01T09:03:48","guid":{"rendered":"https:\/\/ilheusnews.com.br\/?p=14987"},"modified":"2026-09-01T06:03:48","modified_gmt":"2026-09-01T09:03:48","slug":"municipios-do-nordeste-recebem-cursos-do-conexao-cnm-qualifica-em-setembro","status":"publish","type":"post","link":"https:\/\/ilheusnews.com.br\/?p=14987","title":{"rendered":"Munic\u00edpios do Nordeste recebem cursos do Conex\u00e3o CNM Qualifica em setembro"},"content":{"rendered":"<div>A Confedera\u00e7\u00e3o Nacional de Munic\u00edpios (CNM) promove entre os dias 14 e 18 de setembro mais uma edi\u00e7\u00e3o do Conex\u00e3o CNM Qualifica em Munic\u00edpios do Nordeste. Essa rodada de cursos levar\u00e1 conhecimento t\u00e9cnico a gestores de Aracaju (SE), Macei\u00f3 (AL), Recife (PE), Jo\u00e3o Pessoa (PE) e Natal (RN). (Foto ilustra\u00e7\u00e3o) Em Aracaju, o evento conta com o apoio da Federa\u00e7\u00e3o dos Munic\u00edpios do Estado de Sergipe (Fames) e acontece nos dias 14 de setembro. Com o apoio da \u00a0Associa\u00e7\u00e3o dos Munic\u00edpios Alagoanos (AMA), o evento acontece em Alagoas no dia 15 de setembro. Em Recife, o evento acontece no dia 16 de setembro e conta com o apoio da Associa\u00e7\u00e3o Municipalista de Pernambuco (Amupe). J\u00e1 no dia 17 de setembro, com o apoio da Federa\u00e7\u00e3o das Associa\u00e7\u00f5es de Munic\u00edpios da Para\u00edba (Famup), o evento acontece em Jo\u00e3o Pessoa. Por fim, Natal recebe a qualifica\u00e7\u00e3o no dia 18 de setembro, com o apoio da Federa\u00e7\u00e3o dos Munic\u00edpios do Rio Grande do Norte (Femurn). A inscri\u00e7\u00e3o \u00e9 gratuita para gestores de Munic\u00edpios filiados \u00e0 CNM e pode ser feita no site oficial do Conex\u00e3o CNM: https:\/\/conexaocnm.org.br\/\u00a0(CNM)<\/div>\n","protected":false},"excerpt":{"rendered":"<p>A Confedera\u00e7\u00e3o Nacional de Munic\u00edpios (CNM) promove entre os dias 14 e 18 de setembro mais uma edi\u00e7\u00e3o do Conex\u00e3o CNM Qualifica em Munic\u00edpios do Nordeste. Essa rodada de cursos levar\u00e1 conhecimento t\u00e9cnico a gestores de Aracaju (SE), Macei\u00f3 (AL), Recife (PE), Jo\u00e3o Pessoa (PE) e Natal (RN). (Foto ilustra\u00e7\u00e3o) Em Aracaju, o evento conta<\/p>\n","protected":false},"author":8,"featured_media":0,"comment_status":"closed","ping_status":"closed","sticky":false,"template":"","format":"standard","meta":{"fifu_image_url":"","fifu_image_alt":"","footnotes":""},"categories":[33],"tags":[],"class_list":["post-14987","post","type-post","status-publish","format-standard","hentry","category-noticias"],"_links":{"self":[{"href":"https:\/\/ilheusnews.com.br\/index.php?rest_route=\/wp\/v2\/posts\/14987","targetHints":{"allow":["GET"]}}],"collection":[{"href":"https:\/\/ilheusnews.com.br\/index.php?rest_route=\/wp\/v2\/posts"}],"about":[{"href":"https:\/\/ilheusnews.com.br\/index.php?rest_route=\/wp\/v2\/types\/post"}],"author":[{"embeddable":true,"href":"https:\/\/ilheusnews.com.br\/index.php?rest_route=\/wp\/v2\/users\/8"}],"replies":[{"embeddable":true,"href":"https:\/\/ilheusnews.com.br\/index.php?rest_route=%2Fwp%2Fv2%2Fcomments&post=14987"}],"version-history":[{"count":0,"href":"https:\/\/ilheusnews.com.br\/index.php?rest_route=\/wp\/v2\/posts\/14987\/revisions"}],"wp:attachment":[{"href":"https:\/\/ilheusnews.com.br\/index.php?rest_route=%2Fwp%2Fv2%2Fmedia&parent=14987"}],"wp:term":[{"taxonomy":"category","embeddable":true,"href":"https:\/\/ilheusnews.com.br\/index.php?rest_route=%2Fwp%2Fv2%2Fcategories&post=14987"},{"taxonomy":"post_tag","embeddable":true,"href":"https:\/\/ilheusnews.com.br\/index.php?rest_route=%2Fwp%2Fv2%2Ftags&post=14987"}],"curies":[{"name":"wp","href":"https:\/\/api.w.org\/{rel}","templated":true}]}}