{"id":14985,"date":"2026-09-01T06:03:44","date_gmt":"2026-09-01T09:03:44","guid":{"rendered":"https:\/\/ilheusnews.com.br\/?p=14985"},"modified":"2026-09-01T06:03:44","modified_gmt":"2026-09-01T09:03:44","slug":"lauro-de-freitas-se-torna-a-capital-da-gestao-publica-inteligente-com-a-realizacao-do-smart-gov-anciti","status":"publish","type":"post","link":"https:\/\/ilheusnews.com.br\/?p=14985","title":{"rendered":"Lauro de Freitas se torna a capital da gest\u00e3o p\u00fablica inteligente com a realiza\u00e7\u00e3o do SMART GOV ANCITI"},"content":{"rendered":"<div>Nos dias 3 e 4 de setembro de 2026, Lauro de Freitas se tornar\u00e1 o grande centro das discuss\u00f5es sobre o futuro da gest\u00e3o p\u00fablica no Nordeste ao sediar o SMART GOV ANCITI. No dia 3, a programa\u00e7\u00e3o ser\u00e1 realizada das 14h \u00e0s 19h, e, no dia 4, das 9h \u00e0s 18h. Promovido pela Associa\u00e7\u00e3o Nacional das Cidades Inteligentes, Tecnol\u00f3gicas e Inovadoras (ANCITI), em parceria com a gest\u00e3o municipal, o evento ser\u00e1 realizado no Armaz\u00e9m Convention, localizado na Avenida Luiz Tarqu\u00ednio Pontes, e reunir\u00e1 especialistas, autoridades governamentais e l\u00edderes do setor de tecnologia. (Foto ilustra\u00e7\u00e3o) A programa\u00e7\u00e3o ter\u00e1 como foco o debate sobre como a moderniza\u00e7\u00e3o da administra\u00e7\u00e3o p\u00fablica e o uso estrat\u00e9gico de dados podem se tornar aliados fundamentais na constru\u00e7\u00e3o de cidades mais conectadas, eficientes e humanas. O encontro abordar\u00e1 estrat\u00e9gias pr\u00e1ticas para a desburocratiza\u00e7\u00e3o dos servi\u00e7os p\u00fablicos, a oferta de solu\u00e7\u00f5es digitais acess\u00edveis ao cidad\u00e3o e o fortalecimento do networking entre empresas p\u00fablicas de tecnologia e parceiros estrat\u00e9gicos. A abertura oficial contar\u00e1 com a presen\u00e7a do ministro das Comunica\u00e7\u00f5es, Fred Siqueira; a prefeita de Lauro de Freitas, D\u00e9bora Regis; e do Presidente da ANCITI, Bernardo D\u2019Almeida; momento que tamb\u00e9m marcar\u00e1 o lan\u00e7amento oficial do programa T\u00e1 na M\u00e3o. O encontro conta ainda com o apoio decisivo de empresas e institui\u00e7\u00f5es que impulsionam a transforma\u00e7\u00e3o digital no pa\u00eds, como Engefoto, Banco do Nordeste, Softplan, Arvvo Tecnologia, Fortinet, Mindworks, Tech Pulse e Bright Cities. Ao longo dos dois dias, os participantes acompanhar\u00e3o pain\u00e9is de alto n\u00edvel sobre financiamento para a transforma\u00e7\u00e3o digital dos governos locais, com representantes do Banco do Brasil, Caixa Econ\u00f4mica Federal e do Instituto Latino-Americano de Governo Digital (ILGD), al\u00e9m de debates conduzidos por secret\u00e1rios de inova\u00e7\u00e3o de capitais como Porto Alegre e Belo Horizonte.\u00a0 A programa\u00e7\u00e3o trar\u00e1 ainda cases de sucesso regionais, incluindo a transforma\u00e7\u00e3o digital na sa\u00fade em Recife, estrat\u00e9gias de ciberseguran\u00e7a e intelig\u00eancia territorial no Carnaval de Salvador, o projeto Conecta LEM e as experi\u00eancias de inova\u00e7\u00e3o do CyberLab de Uberl\u00e2ndia. O evento culminar\u00e1 com o painel especial \u201cTecnologia Cidad\u00e3\u201d, reunindo, al\u00e9m da gestora D\u00e9bora Reis; de lideran\u00e7as como, o prefeito de Salvador, Bruno Reis; e o ex-prefeito da capital baiana, ACM Neto; sob a media\u00e7\u00e3o de Paula Faria, CEO da Connected Smart Cities, selando um compromisso coletivo com o futuro das cidades inteligentes no Brasil. (Ascom\/PMLF)<\/div>\n","protected":false},"excerpt":{"rendered":"<p>Nos dias 3 e 4 de setembro de 2026, Lauro de Freitas se tornar\u00e1 o grande centro das discuss\u00f5es sobre o futuro da gest\u00e3o p\u00fablica no Nordeste ao sediar o SMART GOV ANCITI. No dia 3, a programa\u00e7\u00e3o ser\u00e1 realizada das 14h \u00e0s 19h, e, no dia 4, das 9h \u00e0s 18h. Promovido pela Associa\u00e7\u00e3o<\/p>\n","protected":false},"author":8,"featured_media":0,"comment_status":"closed","ping_status":"closed","sticky":false,"template":"","format":"standard","meta":{"fifu_image_url":"","fifu_image_alt":"","footnotes":""},"categories":[33],"tags":[],"class_list":["post-14985","post","type-post","status-publish","format-standard","hentry","category-noticias"],"_links":{"self":[{"href":"https:\/\/ilheusnews.com.br\/index.php?rest_route=\/wp\/v2\/posts\/14985","targetHints":{"allow":["GET"]}}],"collection":[{"href":"https:\/\/ilheusnews.com.br\/index.php?rest_route=\/wp\/v2\/posts"}],"about":[{"href":"https:\/\/ilheusnews.com.br\/index.php?rest_route=\/wp\/v2\/types\/post"}],"author":[{"embeddable":true,"href":"https:\/\/ilheusnews.com.br\/index.php?rest_route=\/wp\/v2\/users\/8"}],"replies":[{"embeddable":true,"href":"https:\/\/ilheusnews.com.br\/index.php?rest_route=%2Fwp%2Fv2%2Fcomments&post=14985"}],"version-history":[{"count":0,"href":"https:\/\/ilheusnews.com.br\/index.php?rest_route=\/wp\/v2\/posts\/14985\/revisions"}],"wp:attachment":[{"href":"https:\/\/ilheusnews.com.br\/index.php?rest_route=%2Fwp%2Fv2%2Fmedia&parent=14985"}],"wp:term":[{"taxonomy":"category","embeddable":true,"href":"https:\/\/ilheusnews.com.br\/index.php?rest_route=%2Fwp%2Fv2%2Fcategories&post=14985"},{"taxonomy":"post_tag","embeddable":true,"href":"https:\/\/ilheusnews.com.br\/index.php?rest_route=%2Fwp%2Fv2%2Ftags&post=14985"}],"curies":[{"name":"wp","href":"https:\/\/api.w.org\/{rel}","templated":true}]}}