{"id":14978,"date":"2026-09-01T00:01:26","date_gmt":"2026-09-01T03:01:26","guid":{"rendered":"https:\/\/ilheusnews.com.br\/?p=14978"},"modified":"2026-09-01T00:01:26","modified_gmt":"2026-09-01T03:01:26","slug":"quando-vamos-ver-imagens-do-universo-feitas-pelo-telescopio-roman","status":"publish","type":"post","link":"https:\/\/ilheusnews.com.br\/?p=14978","title":{"rendered":"Quando vamos ver imagens do Universo feitas pelo Telesc\u00f3pio Roman?"},"content":{"rendered":"<div>\n<p>Ap\u00f3s ser lan\u00e7ado neste domingo (30), o Telesc\u00f3pio Espacial Nancy Grace Roman segue para sua \u00f3rbita ao redor do segundo ponto de Lagrange Sol-Terra, conhecido como L2, a cerca de 1,6 milh\u00e3o de quil\u00f4metros da Terra. \u00c9 de l\u00e1 que ele vai trabalhar para construir um verdadeiro atlas panor\u00e2mico do cosmos.<\/p>\n<p>De acordo com a NASA, o equipamento ser\u00e1 capaz de realizar um mapeamento in\u00e9dito e em larga escala que promete transformar nossa vis\u00e3o sobre a estrutura do espa\u00e7o. Mas quando vamos ver as primeiras imagens do Universo feitas pelo Telesc\u00f3pio Roman? Marcelo Zurita, astr\u00f4nomo e colunista do Olhar Digital, responde.<\/p>\n<p>O post <a href=\"https:\/\/olhardigital.com.br\/2026\/08\/31\/videos\/quando-vamos-ver-imagens-do-universo-feitas-pelo-telescopio-roman-2\/\">Quando vamos ver imagens do Universo feitas pelo Telesc\u00f3pio Roman?<\/a> apareceu primeiro em <a href=\"https:\/\/olhardigital.com.br\/\">Olhar Digital<\/a>.<\/p>\n<\/div>\n","protected":false},"excerpt":{"rendered":"<p>Ap\u00f3s ser lan\u00e7ado neste domingo (30), o Telesc\u00f3pio Espacial Nancy Grace Roman segue para sua \u00f3rbita ao redor do segundo ponto de Lagrange Sol-Terra, conhecido como L2, a cerca de 1,6 milh\u00e3o de quil\u00f4metros da Terra. \u00c9 de l\u00e1 que ele vai trabalhar para construir um verdadeiro atlas panor\u00e2mico do cosmos. De acordo com a<\/p>\n","protected":false},"author":6,"featured_media":0,"comment_status":"closed","ping_status":"closed","sticky":false,"template":"","format":"standard","meta":{"fifu_image_url":"","fifu_image_alt":"","footnotes":""},"categories":[33],"tags":[],"class_list":["post-14978","post","type-post","status-publish","format-standard","hentry","category-noticias"],"_links":{"self":[{"href":"https:\/\/ilheusnews.com.br\/index.php?rest_route=\/wp\/v2\/posts\/14978","targetHints":{"allow":["GET"]}}],"collection":[{"href":"https:\/\/ilheusnews.com.br\/index.php?rest_route=\/wp\/v2\/posts"}],"about":[{"href":"https:\/\/ilheusnews.com.br\/index.php?rest_route=\/wp\/v2\/types\/post"}],"author":[{"embeddable":true,"href":"https:\/\/ilheusnews.com.br\/index.php?rest_route=\/wp\/v2\/users\/6"}],"replies":[{"embeddable":true,"href":"https:\/\/ilheusnews.com.br\/index.php?rest_route=%2Fwp%2Fv2%2Fcomments&post=14978"}],"version-history":[{"count":0,"href":"https:\/\/ilheusnews.com.br\/index.php?rest_route=\/wp\/v2\/posts\/14978\/revisions"}],"wp:attachment":[{"href":"https:\/\/ilheusnews.com.br\/index.php?rest_route=%2Fwp%2Fv2%2Fmedia&parent=14978"}],"wp:term":[{"taxonomy":"category","embeddable":true,"href":"https:\/\/ilheusnews.com.br\/index.php?rest_route=%2Fwp%2Fv2%2Fcategories&post=14978"},{"taxonomy":"post_tag","embeddable":true,"href":"https:\/\/ilheusnews.com.br\/index.php?rest_route=%2Fwp%2Fv2%2Ftags&post=14978"}],"curies":[{"name":"wp","href":"https:\/\/api.w.org\/{rel}","templated":true}]}}