{"id":14971,"date":"2026-09-01T00:01:24","date_gmt":"2026-09-01T03:01:24","guid":{"rendered":"https:\/\/ilheusnews.com.br\/?p=14971"},"modified":"2026-09-01T00:01:24","modified_gmt":"2026-09-01T03:01:24","slug":"exclusivo-instagram-de-pablo-roberto-com-55-400-mil-seguidores-e-banido-pela-plataforma","status":"publish","type":"post","link":"https:\/\/ilheusnews.com.br\/?p=14971","title":{"rendered":"Exclusivo: Instagram de Pablo Roberto com 55.400 mil seguidores \u00e9 banido pela plataforma"},"content":{"rendered":"<div>O vice-prefeito e secret\u00e1rio de Educa\u00e7\u00e3o de Feira de Santana, Pablo Roberto (PSDB \u2013 foto ilustra\u00e7\u00e3o), revelou ao site Bahia na Pol\u00edtica que teve sua conta no Instagram banida pela plataforma nesta segunda-feira (31). O perfil tinha 55.400 seguidores e era utilizado principalmente para compartilhar a rotina do secret\u00e1rio \u00e0 frente da Secretaria Municipal de Educa\u00e7\u00e3o. Pablo informou ao site que ainda n\u00e3o sabe o motivo do banimento. Segundo ele, a decis\u00e3o ocorreu hoje e, at\u00e9 o momento, n\u00e3o recebeu uma explica\u00e7\u00e3o sobre a medida adotada pela plataforma. Diante da situa\u00e7\u00e3o, a assessoria jur\u00eddica de Pablo Roberto est\u00e1 adotando as provid\u00eancias cab\u00edveis junto ao Judici\u00e1rio para tentar recuperar a conta. O secret\u00e1rio tamb\u00e9m pretende buscar, pelos canais da pr\u00f3pria plataforma, a revers\u00e3o da decis\u00e3o. (Da Reda\u00e7\u00e3o)<\/div>\n","protected":false},"excerpt":{"rendered":"<p>O vice-prefeito e secret\u00e1rio de Educa\u00e7\u00e3o de Feira de Santana, Pablo Roberto (PSDB \u2013 foto ilustra\u00e7\u00e3o), revelou ao site Bahia na Pol\u00edtica que teve sua conta no Instagram banida pela plataforma nesta segunda-feira (31). O perfil tinha 55.400 seguidores e era utilizado principalmente para compartilhar a rotina do secret\u00e1rio \u00e0 frente da Secretaria Municipal de<\/p>\n","protected":false},"author":8,"featured_media":0,"comment_status":"closed","ping_status":"closed","sticky":false,"template":"","format":"standard","meta":{"fifu_image_url":"","fifu_image_alt":"","footnotes":""},"categories":[33],"tags":[],"class_list":["post-14971","post","type-post","status-publish","format-standard","hentry","category-noticias"],"_links":{"self":[{"href":"https:\/\/ilheusnews.com.br\/index.php?rest_route=\/wp\/v2\/posts\/14971","targetHints":{"allow":["GET"]}}],"collection":[{"href":"https:\/\/ilheusnews.com.br\/index.php?rest_route=\/wp\/v2\/posts"}],"about":[{"href":"https:\/\/ilheusnews.com.br\/index.php?rest_route=\/wp\/v2\/types\/post"}],"author":[{"embeddable":true,"href":"https:\/\/ilheusnews.com.br\/index.php?rest_route=\/wp\/v2\/users\/8"}],"replies":[{"embeddable":true,"href":"https:\/\/ilheusnews.com.br\/index.php?rest_route=%2Fwp%2Fv2%2Fcomments&post=14971"}],"version-history":[{"count":0,"href":"https:\/\/ilheusnews.com.br\/index.php?rest_route=\/wp\/v2\/posts\/14971\/revisions"}],"wp:attachment":[{"href":"https:\/\/ilheusnews.com.br\/index.php?rest_route=%2Fwp%2Fv2%2Fmedia&parent=14971"}],"wp:term":[{"taxonomy":"category","embeddable":true,"href":"https:\/\/ilheusnews.com.br\/index.php?rest_route=%2Fwp%2Fv2%2Fcategories&post=14971"},{"taxonomy":"post_tag","embeddable":true,"href":"https:\/\/ilheusnews.com.br\/index.php?rest_route=%2Fwp%2Fv2%2Ftags&post=14971"}],"curies":[{"name":"wp","href":"https:\/\/api.w.org\/{rel}","templated":true}]}}