{"id":14945,"date":"2026-08-31T18:01:25","date_gmt":"2026-08-31T21:01:25","guid":{"rendered":"https:\/\/ilheusnews.com.br\/?p=14945"},"modified":"2026-08-31T18:01:25","modified_gmt":"2026-08-31T21:01:25","slug":"parque-de-exposicao-ganha-nova-estrutura-para-a-47a-expofeira","status":"publish","type":"post","link":"https:\/\/ilheusnews.com.br\/?p=14945","title":{"rendered":"Parque de Exposi\u00e7\u00e3o ganha nova estrutura para a 47\u00aa Expofeira"},"content":{"rendered":"<div>O Parque de Exposi\u00e7\u00e3o Jo\u00e3o Martins da Silva ganhou uma nova estrutura, mais ampla e estruturada, para a realiza\u00e7\u00e3o da 47\u00aa Exposi\u00e7\u00e3o Agropecu\u00e1ria de Feira de Santana (Expofeira), que este ano ser\u00e1 realizada no per\u00edodo de 6 a 13 de setembro. O equipamento foi inspecionado pelo prefeito Jos\u00e9 Ronaldo de Carvalho, na manh\u00e3 desta segunda-feira (31), e entra na reta final de preparativos para o evento. (Foto ilustra\u00e7\u00e3o) Jos\u00e9 Ronaldo ressaltou que o Parque de Exposi\u00e7\u00e3o j\u00e1 est\u00e1 recebendo os \u00faltimos preparativos para a realiza\u00e7\u00e3o da maior e melhor mostra agropecu\u00e1ria de sua hist\u00f3ria. A pretens\u00e3o \u00e9 de que a 47\u00aa Expofeira seja destaque no Nordeste do Brasil. Dentre as interven\u00e7\u00f5es promovidas pela administra\u00e7\u00e3o municipal, as principais delas s\u00e3o a implanta\u00e7\u00e3o de um novo redondel para desfile de equinos durante competi\u00e7\u00f5es e ranqueamento. O espa\u00e7o \u00e9 superior ao dobro do tamanho dos dois juntos que existiam no local. Al\u00e9m do novo redondel, a Secretaria de Infraestrutura (Seinfra) e a Secretaria de Agricultura (Seagri) dotaram o Parque de Exposi\u00e7\u00e3o de nova estrutura capaz de ampliar de 50 para 150 expositores durante a mostra agropecu\u00e1ria deste ano. Para tanto, foram pavimentadas ruas de acesso aos novos estandes e instalados 60 postes com a nova estrutura das instala\u00e7\u00f5es el\u00e9tricas do equipamento. O evento ser\u00e1 aberto oficialmente no pr\u00f3ximo domingo (6). O p\u00fablico que se dirigir ao equipamento de transporte pr\u00f3prio ou de ve\u00edculo por aplicativo ter\u00e1 acesso pela Avenida Noide Cerqueira, enquanto os usu\u00e1rios de \u00f4nibus ter\u00e3o acesso exclusivo pela BR-324. O prefeito Jos\u00e9 Ronaldo inspecionou o equipamento acompanhado dos secret\u00e1rios de Agricultura, Silvaney Ara\u00fajo; de Comunica\u00e7\u00e3o, Joilton Freitas; de Infraestrutura, Jo\u00e3o Vianey; de Planejamento, Carlos Brito; e de Governo, Neto Bahia; al\u00e9m de representantes de n\u00facleos de criadores de animais de grande porte. (Secom)<\/div>\n","protected":false},"excerpt":{"rendered":"<p>O Parque de Exposi\u00e7\u00e3o Jo\u00e3o Martins da Silva ganhou uma nova estrutura, mais ampla e estruturada, para a realiza\u00e7\u00e3o da 47\u00aa Exposi\u00e7\u00e3o Agropecu\u00e1ria de Feira de Santana (Expofeira), que este ano ser\u00e1 realizada no per\u00edodo de 6 a 13 de setembro. O equipamento foi inspecionado pelo prefeito Jos\u00e9 Ronaldo de Carvalho, na manh\u00e3 desta segunda-feira<\/p>\n","protected":false},"author":8,"featured_media":0,"comment_status":"closed","ping_status":"closed","sticky":false,"template":"","format":"standard","meta":{"fifu_image_url":"","fifu_image_alt":"","footnotes":""},"categories":[33],"tags":[],"class_list":["post-14945","post","type-post","status-publish","format-standard","hentry","category-noticias"],"_links":{"self":[{"href":"https:\/\/ilheusnews.com.br\/index.php?rest_route=\/wp\/v2\/posts\/14945","targetHints":{"allow":["GET"]}}],"collection":[{"href":"https:\/\/ilheusnews.com.br\/index.php?rest_route=\/wp\/v2\/posts"}],"about":[{"href":"https:\/\/ilheusnews.com.br\/index.php?rest_route=\/wp\/v2\/types\/post"}],"author":[{"embeddable":true,"href":"https:\/\/ilheusnews.com.br\/index.php?rest_route=\/wp\/v2\/users\/8"}],"replies":[{"embeddable":true,"href":"https:\/\/ilheusnews.com.br\/index.php?rest_route=%2Fwp%2Fv2%2Fcomments&post=14945"}],"version-history":[{"count":0,"href":"https:\/\/ilheusnews.com.br\/index.php?rest_route=\/wp\/v2\/posts\/14945\/revisions"}],"wp:attachment":[{"href":"https:\/\/ilheusnews.com.br\/index.php?rest_route=%2Fwp%2Fv2%2Fmedia&parent=14945"}],"wp:term":[{"taxonomy":"category","embeddable":true,"href":"https:\/\/ilheusnews.com.br\/index.php?rest_route=%2Fwp%2Fv2%2Fcategories&post=14945"},{"taxonomy":"post_tag","embeddable":true,"href":"https:\/\/ilheusnews.com.br\/index.php?rest_route=%2Fwp%2Fv2%2Ftags&post=14945"}],"curies":[{"name":"wp","href":"https:\/\/api.w.org\/{rel}","templated":true}]}}