{"id":14943,"date":"2026-08-31T18:01:18","date_gmt":"2026-08-31T21:01:18","guid":{"rendered":"https:\/\/ilheusnews.com.br\/?p=14943"},"modified":"2026-08-31T18:01:18","modified_gmt":"2026-08-31T21:01:18","slug":"governo-da-bahia-pereniza-o-vagao-lilas-no-metro","status":"publish","type":"post","link":"https:\/\/ilheusnews.com.br\/?p=14943","title":{"rendered":"Governo da Bahia pereniza o \u201cVag\u00e3o Lil\u00e1s\u201d no Metr\u00f4"},"content":{"rendered":"<div>O transporte metrovi\u00e1rio de Salvador manter\u00e1 de forma cont\u00ednua a reserva\u00e7\u00e3o de um vag\u00e3o exclusivo para mulheres. A iniciativa, batizada de\u00a0Carro para Mulheres (ou Vag\u00e3o Lil\u00e1s), teve in\u00edcio como parte da programa\u00e7\u00e3o do\u00a0Agosto Lil\u00e1s\u00a0e, diante da avalia\u00e7\u00e3o positiva durante o per\u00edodo experimental, ter\u00e1 sua continuidade oficializada nesta segunda-feira (31). A medida \u00e9 coordenada pela Secretaria de Pol\u00edticas para as Mulheres do Estado da Bahia (SPM) e visa coibir crimes de importuna\u00e7\u00e3o sexual, aumentar a sensa\u00e7\u00e3o de seguran\u00e7a dos passageiros e promover a conscientiza\u00e7\u00e3o contra a viol\u00eancia de g\u00eanero no transporte p\u00fablico. Esquema de Opera\u00e7\u00e3o O servi\u00e7o exclusivo funcionar\u00e1 de\u00a0segunda a sexta-feira, concentrado nos dois intervalos de maior circula\u00e7\u00e3o di\u00e1ria de passageiros: \u2013 Manh\u00e3:\u00a0das 06h \u00e0s 09h \u2013 Tarde\/Noite:\u00a0das 17h \u00e0s 20h Orienta\u00e7\u00e3o e Seguran\u00e7a Refor\u00e7ada Para assegurar o cumprimento da medida e acolher eventuais v\u00edtimas, as esta\u00e7\u00f5es e composi\u00e7\u00f5es contar\u00e3o com presen\u00e7a ostensiva e multidisciplinar. A opera\u00e7\u00e3o envolve: \u2013 Agentes de seguran\u00e7a do metr\u00f4\u00a0e efetivos da\u00a0Pol\u00edcia Militar e Civil; \u2013 Promotoras de conscientiza\u00e7\u00e3o\u00a0devidamente uniformizadas com camisas lil\u00e1s, respons\u00e1veis por orientar os usu\u00e1rios sobre as regras do espa\u00e7o e sensibilizar a popula\u00e7\u00e3o sobre a import\u00e2ncia do respeito \u00e0s mulheres nos modais p\u00fablicos. (bahia.ba)<\/div>\n","protected":false},"excerpt":{"rendered":"<p>O transporte metrovi\u00e1rio de Salvador manter\u00e1 de forma cont\u00ednua a reserva\u00e7\u00e3o de um vag\u00e3o exclusivo para mulheres. A iniciativa, batizada de\u00a0Carro para Mulheres (ou Vag\u00e3o Lil\u00e1s), teve in\u00edcio como parte da programa\u00e7\u00e3o do\u00a0Agosto Lil\u00e1s\u00a0e, diante da avalia\u00e7\u00e3o positiva durante o per\u00edodo experimental, ter\u00e1 sua continuidade oficializada nesta segunda-feira (31). A medida \u00e9 coordenada pela Secretaria<\/p>\n","protected":false},"author":8,"featured_media":0,"comment_status":"closed","ping_status":"closed","sticky":false,"template":"","format":"standard","meta":{"fifu_image_url":"","fifu_image_alt":"","footnotes":""},"categories":[33],"tags":[],"class_list":["post-14943","post","type-post","status-publish","format-standard","hentry","category-noticias"],"_links":{"self":[{"href":"https:\/\/ilheusnews.com.br\/index.php?rest_route=\/wp\/v2\/posts\/14943","targetHints":{"allow":["GET"]}}],"collection":[{"href":"https:\/\/ilheusnews.com.br\/index.php?rest_route=\/wp\/v2\/posts"}],"about":[{"href":"https:\/\/ilheusnews.com.br\/index.php?rest_route=\/wp\/v2\/types\/post"}],"author":[{"embeddable":true,"href":"https:\/\/ilheusnews.com.br\/index.php?rest_route=\/wp\/v2\/users\/8"}],"replies":[{"embeddable":true,"href":"https:\/\/ilheusnews.com.br\/index.php?rest_route=%2Fwp%2Fv2%2Fcomments&post=14943"}],"version-history":[{"count":0,"href":"https:\/\/ilheusnews.com.br\/index.php?rest_route=\/wp\/v2\/posts\/14943\/revisions"}],"wp:attachment":[{"href":"https:\/\/ilheusnews.com.br\/index.php?rest_route=%2Fwp%2Fv2%2Fmedia&parent=14943"}],"wp:term":[{"taxonomy":"category","embeddable":true,"href":"https:\/\/ilheusnews.com.br\/index.php?rest_route=%2Fwp%2Fv2%2Fcategories&post=14943"},{"taxonomy":"post_tag","embeddable":true,"href":"https:\/\/ilheusnews.com.br\/index.php?rest_route=%2Fwp%2Fv2%2Ftags&post=14943"}],"curies":[{"name":"wp","href":"https:\/\/api.w.org\/{rel}","templated":true}]}}