{"id":14933,"date":"2026-08-31T12:01:49","date_gmt":"2026-08-31T15:01:49","guid":{"rendered":"https:\/\/ilheusnews.com.br\/?p=14933"},"modified":"2026-08-31T12:01:49","modified_gmt":"2026-08-31T15:01:49","slug":"teleferico-do-suburbio-entra-em-fase-de-licitacao-em-salvador","status":"publish","type":"post","link":"https:\/\/ilheusnews.com.br\/?p=14933","title":{"rendered":"Telef\u00e9rico do Sub\u00farbio entra em fase de licita\u00e7\u00e3o em Salvador"},"content":{"rendered":"<div>O projeto do Telef\u00e9rico do Sub\u00farbio, que conectar\u00e1 bairros como Praia Grande, Piraj\u00e1 e a regi\u00e3o do Man\u00e9 Dend\u00ea ao metr\u00f4, entrou na fase de licita\u00e7\u00e3o. A expectativa \u00e9 de que a concorr\u00eancia seja lan\u00e7ada ainda no segundo semestre deste ano. Se o cronograma avan\u00e7ar conforme o previsto, as interven\u00e7\u00f5es tamb\u00e9m devem come\u00e7ar nos pr\u00f3ximos meses. (Foto ilustra\u00e7\u00e3o) O novo modal far\u00e1 a liga\u00e7\u00e3o entre a Avenida Suburbana e a regi\u00e3o da BR-324. A previs\u00e3o \u00e9 que o percurso, que atualmente pode levar de 40 a 50 minutos, seja feito em aproximadamente 12 a 16 minutos com o telef\u00e9rico. O trajeto ter\u00e1 4,3 km de extens\u00e3o, come\u00e7ando na regi\u00e3o de Praia Grande e seguindo pelo Man\u00e9 Dend\u00ea e Piraj\u00e1, at\u00e9 chegar em Campinas de Piraj\u00e1, onde ocorrer\u00e1 a integra\u00e7\u00e3o com o metr\u00f4. O equipamento ter\u00e1 capacidade para transporte de at\u00e9 3,2 mil usu\u00e1rios por hora, em cada sentido. O titular da Semob, Pablo Souza, aponta que o sistema foi pensado justamente para atender uma regi\u00e3o marcada por grandes desn\u00edveis, oferecendo aos moradores de \u00e1reas mais distantes do Sub\u00farbio uma alternativa mais r\u00e1pida para acessar o metr\u00f4. \u201cCom isso, a gente liga dois corredores importantes do transporte da cidade, que s\u00e3o a Avenida Suburbana e a BR-324, a dois modais de alta capacidade. Al\u00e9m disso, essa liga\u00e7\u00e3o permite integrar uma regi\u00e3o com desn\u00edvel topogr\u00e1fico muito elevado, o que dificulta o acesso \u00e0s demais regi\u00f5es da cidade\u201d, diz o secret\u00e1rio. A Prefeitura tem trabalhado na licita\u00e7\u00e3o da parte eletromec\u00e2nica do sistema. Os ajustes finais do projeto eletromec\u00e2nico est\u00e3o sendo realizados por uma empresa especializada. Tamb\u00e9m est\u00e1 prevista a atua\u00e7\u00e3o de uma empresa supervisora, que ir\u00e1 acompanhar a execu\u00e7\u00e3o do empreendimento, apoiar a fiscaliza\u00e7\u00e3o e fazer o controle da obra. (Secom\/PMS)<\/div>\n","protected":false},"excerpt":{"rendered":"<p>O projeto do Telef\u00e9rico do Sub\u00farbio, que conectar\u00e1 bairros como Praia Grande, Piraj\u00e1 e a regi\u00e3o do Man\u00e9 Dend\u00ea ao metr\u00f4, entrou na fase de licita\u00e7\u00e3o. A expectativa \u00e9 de que a concorr\u00eancia seja lan\u00e7ada ainda no segundo semestre deste ano. Se o cronograma avan\u00e7ar conforme o previsto, as interven\u00e7\u00f5es tamb\u00e9m devem come\u00e7ar nos pr\u00f3ximos<\/p>\n","protected":false},"author":8,"featured_media":0,"comment_status":"closed","ping_status":"closed","sticky":false,"template":"","format":"standard","meta":{"fifu_image_url":"","fifu_image_alt":"","footnotes":""},"categories":[33],"tags":[],"class_list":["post-14933","post","type-post","status-publish","format-standard","hentry","category-noticias"],"_links":{"self":[{"href":"https:\/\/ilheusnews.com.br\/index.php?rest_route=\/wp\/v2\/posts\/14933","targetHints":{"allow":["GET"]}}],"collection":[{"href":"https:\/\/ilheusnews.com.br\/index.php?rest_route=\/wp\/v2\/posts"}],"about":[{"href":"https:\/\/ilheusnews.com.br\/index.php?rest_route=\/wp\/v2\/types\/post"}],"author":[{"embeddable":true,"href":"https:\/\/ilheusnews.com.br\/index.php?rest_route=\/wp\/v2\/users\/8"}],"replies":[{"embeddable":true,"href":"https:\/\/ilheusnews.com.br\/index.php?rest_route=%2Fwp%2Fv2%2Fcomments&post=14933"}],"version-history":[{"count":0,"href":"https:\/\/ilheusnews.com.br\/index.php?rest_route=\/wp\/v2\/posts\/14933\/revisions"}],"wp:attachment":[{"href":"https:\/\/ilheusnews.com.br\/index.php?rest_route=%2Fwp%2Fv2%2Fmedia&parent=14933"}],"wp:term":[{"taxonomy":"category","embeddable":true,"href":"https:\/\/ilheusnews.com.br\/index.php?rest_route=%2Fwp%2Fv2%2Fcategories&post=14933"},{"taxonomy":"post_tag","embeddable":true,"href":"https:\/\/ilheusnews.com.br\/index.php?rest_route=%2Fwp%2Fv2%2Ftags&post=14933"}],"curies":[{"name":"wp","href":"https:\/\/api.w.org\/{rel}","templated":true}]}}