{"id":14931,"date":"2026-08-31T12:01:45","date_gmt":"2026-08-31T15:01:45","guid":{"rendered":"https:\/\/ilheusnews.com.br\/?p=14931"},"modified":"2026-08-31T12:01:45","modified_gmt":"2026-08-31T15:01:45","slug":"colbert-defende-prioridade-para-aeroporto-e-solucao-da-br-324","status":"publish","type":"post","link":"https:\/\/ilheusnews.com.br\/?p=14931","title":{"rendered":"Colbert defende prioridade para aeroporto e solu\u00e7\u00e3o da BR-324"},"content":{"rendered":"<div>O candidato a deputado estadual Colbert Martins (PSDB-Foto) defende que investimentos no Aeroporto de Feira de Santana e uma solu\u00e7\u00e3o definitiva para a BR-324 sejam tratados como prioridades para o desenvolvimento da cidade. Para ele, a melhoria da infraestrutura \u00e9 fundamental para ampliar a atra\u00e7\u00e3o de empresas, gerar empregos e fortalecer a economia de Feira. Entre as propostas, Colbert tamb\u00e9m destaca a cria\u00e7\u00e3o de incentivos fiscais para atrair novos neg\u00f3cios e a amplia\u00e7\u00e3o dos investimentos do Governo do Estado em Feira de Santana e nos munic\u00edpios da regi\u00e3o. Segundo o candidato, a cidade re\u00fane localiza\u00e7\u00e3o estrat\u00e9gica e potencial econ\u00f4mico, mas precisa de condi\u00e7\u00f5es para voltar a ocupar posi\u00e7\u00e3o de destaque no desenvolvimento da Bahia. Colbert afirma que pretende levar essas demandas para a Assembleia Legislativa, atuando na defesa de Feira, da Regi\u00e3o Metropolitana e dos munic\u00edpios do entorno. O candidato tamb\u00e9m vincula suas propostas ao projeto de ACM Neto para a Bahia e diz que pretende trabalhar para<\/div>\n","protected":false},"excerpt":{"rendered":"<p>O candidato a deputado estadual Colbert Martins (PSDB-Foto) defende que investimentos no Aeroporto de Feira de Santana e uma solu\u00e7\u00e3o definitiva para a BR-324 sejam tratados como prioridades para o desenvolvimento da cidade. Para ele, a melhoria da infraestrutura \u00e9 fundamental para ampliar a atra\u00e7\u00e3o de empresas, gerar empregos e fortalecer a economia de Feira.<\/p>\n","protected":false},"author":8,"featured_media":0,"comment_status":"closed","ping_status":"closed","sticky":false,"template":"","format":"standard","meta":{"fifu_image_url":"","fifu_image_alt":"","footnotes":""},"categories":[33],"tags":[],"class_list":["post-14931","post","type-post","status-publish","format-standard","hentry","category-noticias"],"_links":{"self":[{"href":"https:\/\/ilheusnews.com.br\/index.php?rest_route=\/wp\/v2\/posts\/14931","targetHints":{"allow":["GET"]}}],"collection":[{"href":"https:\/\/ilheusnews.com.br\/index.php?rest_route=\/wp\/v2\/posts"}],"about":[{"href":"https:\/\/ilheusnews.com.br\/index.php?rest_route=\/wp\/v2\/types\/post"}],"author":[{"embeddable":true,"href":"https:\/\/ilheusnews.com.br\/index.php?rest_route=\/wp\/v2\/users\/8"}],"replies":[{"embeddable":true,"href":"https:\/\/ilheusnews.com.br\/index.php?rest_route=%2Fwp%2Fv2%2Fcomments&post=14931"}],"version-history":[{"count":0,"href":"https:\/\/ilheusnews.com.br\/index.php?rest_route=\/wp\/v2\/posts\/14931\/revisions"}],"wp:attachment":[{"href":"https:\/\/ilheusnews.com.br\/index.php?rest_route=%2Fwp%2Fv2%2Fmedia&parent=14931"}],"wp:term":[{"taxonomy":"category","embeddable":true,"href":"https:\/\/ilheusnews.com.br\/index.php?rest_route=%2Fwp%2Fv2%2Fcategories&post=14931"},{"taxonomy":"post_tag","embeddable":true,"href":"https:\/\/ilheusnews.com.br\/index.php?rest_route=%2Fwp%2Fv2%2Ftags&post=14931"}],"curies":[{"name":"wp","href":"https:\/\/api.w.org\/{rel}","templated":true}]}}