{"id":14930,"date":"2026-08-31T12:01:41","date_gmt":"2026-08-31T15:01:41","guid":{"rendered":"https:\/\/ilheusnews.com.br\/?p=14930"},"modified":"2026-08-31T12:01:41","modified_gmt":"2026-08-31T15:01:41","slug":"colinha-eleitoral-ajuda-a-lembrar-os-numeros-de-candidatos-nas-eleicoes-2026","status":"publish","type":"post","link":"https:\/\/ilheusnews.com.br\/?p=14930","title":{"rendered":"Colinha eleitoral ajuda a lembrar os n\u00fameros de candidatos nas Elei\u00e7\u00f5es 2026"},"content":{"rendered":"<div>Quem vai votar nas Elei\u00e7\u00f5es Gerais de 2026 pode preparar a colinha eleitoral para levar no dia da vota\u00e7\u00e3o. O recurso ajuda a lembrar os n\u00fameros de candidatas e candidatos e evita que o eleitor dependa apenas da mem\u00f3ria, j\u00e1 que o\u00a0celular\u00a0n\u00e3o poder\u00e1 ser levado para a cabine de vota\u00e7\u00e3o.\u00a0Na\u00a0hora de votar,\u00a0basta\u00a0usar o lembrete e digitar na urna os n\u00fameros correspondentes \u00e0s escolhas.\u00a0(Foto ilustra\u00e7\u00e3o) Imprima a\u00a0cola\u00a0eleitoral 2026.\u00a0 Ordem de vota\u00e7\u00e3o\u00a0 No\u00a0dia 4 de outubro (1\u00ba\u00a0turno),\u00a0a eleitora ou o eleitor\u00a0dever\u00e1\u00a0registrar\u00a0a escolha para seis cargos em sequ\u00eancia previamente definida.\u00a0Para facilitar a vota\u00e7\u00e3o, a colinha segue a mesma ordem apresentada na urna\u00a0eletr\u00f4nica, conforme especificado\u00a0abaixo:\u00a0\u00a0 1. Deputado federal\u00a0(4 d\u00edgitos)\u00a0 2. Deputado estadual ou distrital\u00a0(5 d\u00edgitos)\u00a0 3.\u00a0Senador\u00a0\u2014\u00a01\u00aa vaga\u00a0(3 d\u00edgitos)\u00a0 4. Senador\u00a0\u2014\u00a02\u00aa vaga\u00a0(3 d\u00edgitos)\u00a0 5. Governador\u00a0(2 d\u00edgitos)\u00a0 6. Presidente da Rep\u00fablica\u00a0(2 d\u00edgitos)\u00a0 Simulador de voto\u00a0 Agora, que tal treinar\u00a0a sequ\u00eancia de votos e tornar\u00a0a\u00a0vota\u00e7\u00e3o\u00a0ainda\u00a0mais r\u00e1pida? Assim, voc\u00ea evita dificuldades no dia do pleito e ajuda a\u00a0reduzir as filas nas se\u00e7\u00f5es eleitorais. Para isso,\u00a0o Tribunal Superior Eleitoral (TSE) disponibiliza o simulador\u00a0virtual de vota\u00e7\u00e3o, plataforma que permite\u00a0treinar no sistema utilizando\u00a0n\u00fameros e\u00a0candidatos fict\u00edcios.\u00a0\u00a0 Acesse o\u00a0simulador de\u00a0vota\u00e7\u00e3o.\u00a0 T\u00edtulo\u00a0na m\u00e3o\u00a0 O\u00a0e-T\u00edtulo\u00a0\u00e9 o aplicativo gratuito da Justi\u00e7a Eleitoral que re\u00fane documentos, certid\u00f5es e servi\u00e7os para o dia da vota\u00e7\u00e3o.\u00a0Quem j\u00e1 cadastrou a biometria\u00a0tem\u00a0a foto exibida no aplicativo\u00a0e\u00a0poder\u00e1\u00a0us\u00e1-lo como documento oficial de identifica\u00e7\u00e3o, sem necessidade de outro documento impresso.\u00a0 O\u00a0e-T\u00edtulo\u00a0est\u00e1 dispon\u00edvel na App Store (iOS) e no Google Play (Android). A\u00a0recomenda\u00e7\u00e3o \u00e9\u00a0baixar\u00a0e atualizar o aplicativo\u00a0com anteced\u00eancia, pois a emiss\u00e3o fica suspensa temporariamente no dia da elei\u00e7\u00e3o.\u00a0 Confira a p\u00e1gina do e-T\u00edtulo.\u00a0\u00a0(Fonte: TSE)<\/div>\n","protected":false},"excerpt":{"rendered":"<p>Quem vai votar nas Elei\u00e7\u00f5es Gerais de 2026 pode preparar a colinha eleitoral para levar no dia da vota\u00e7\u00e3o. O recurso ajuda a lembrar os n\u00fameros de candidatas e candidatos e evita que o eleitor dependa apenas da mem\u00f3ria, j\u00e1 que o\u00a0celular\u00a0n\u00e3o poder\u00e1 ser levado para a cabine de vota\u00e7\u00e3o.\u00a0Na\u00a0hora de votar,\u00a0basta\u00a0usar o lembrete e<\/p>\n","protected":false},"author":8,"featured_media":0,"comment_status":"closed","ping_status":"closed","sticky":false,"template":"","format":"standard","meta":{"fifu_image_url":"","fifu_image_alt":"","footnotes":""},"categories":[33],"tags":[],"class_list":["post-14930","post","type-post","status-publish","format-standard","hentry","category-noticias"],"_links":{"self":[{"href":"https:\/\/ilheusnews.com.br\/index.php?rest_route=\/wp\/v2\/posts\/14930","targetHints":{"allow":["GET"]}}],"collection":[{"href":"https:\/\/ilheusnews.com.br\/index.php?rest_route=\/wp\/v2\/posts"}],"about":[{"href":"https:\/\/ilheusnews.com.br\/index.php?rest_route=\/wp\/v2\/types\/post"}],"author":[{"embeddable":true,"href":"https:\/\/ilheusnews.com.br\/index.php?rest_route=\/wp\/v2\/users\/8"}],"replies":[{"embeddable":true,"href":"https:\/\/ilheusnews.com.br\/index.php?rest_route=%2Fwp%2Fv2%2Fcomments&post=14930"}],"version-history":[{"count":0,"href":"https:\/\/ilheusnews.com.br\/index.php?rest_route=\/wp\/v2\/posts\/14930\/revisions"}],"wp:attachment":[{"href":"https:\/\/ilheusnews.com.br\/index.php?rest_route=%2Fwp%2Fv2%2Fmedia&parent=14930"}],"wp:term":[{"taxonomy":"category","embeddable":true,"href":"https:\/\/ilheusnews.com.br\/index.php?rest_route=%2Fwp%2Fv2%2Fcategories&post=14930"},{"taxonomy":"post_tag","embeddable":true,"href":"https:\/\/ilheusnews.com.br\/index.php?rest_route=%2Fwp%2Fv2%2Ftags&post=14930"}],"curies":[{"name":"wp","href":"https:\/\/api.w.org\/{rel}","templated":true}]}}