{"id":14929,"date":"2026-08-31T12:01:38","date_gmt":"2026-08-31T15:01:38","guid":{"rendered":"https:\/\/ilheusnews.com.br\/?p=14929"},"modified":"2026-08-31T12:01:38","modified_gmt":"2026-08-31T15:01:38","slug":"vereda-secretario-de-agricultura-silvio-ferreira-de-souza-morre-em-acidente-de-carro","status":"publish","type":"post","link":"https:\/\/ilheusnews.com.br\/?p=14929","title":{"rendered":"Vereda: Secret\u00e1rio de agricultura, Silvio Ferreira de Souza morre em acidente de carro"},"content":{"rendered":"<div>Morreu neste domingo (30) o secret\u00e1rio municipal de Agricultura de\u00a0Vereda, Silvio Ferreira de Souza (foto ilustra\u00e7\u00e3o), conhecido carinhosamente como Guila. A informa\u00e7\u00e3o foi confirmada pela prefeitura por meio de nota publicada em uma rede social. Na nota, a gest\u00e3o municipal lamentou o falecimento do servidor e destacou seu hist\u00f3rico profissional de trabalho, dedica\u00e7\u00e3o e compromisso com o munic\u00edpio. \u201cNeste momento de tristeza, nos solidarizamos com seus familiares e amigos, rogando a Deus que conforte seus cora\u00e7\u00f5es e conceda a Guila o descanso eterno. Vereda perde um servidor, mas fica a lembran\u00e7a de um homem querido por todos\u201d, diz outro trecho da publica\u00e7\u00e3o. (g1\/Bahia)<\/div>\n","protected":false},"excerpt":{"rendered":"<p>Morreu neste domingo (30) o secret\u00e1rio municipal de Agricultura de\u00a0Vereda, Silvio Ferreira de Souza (foto ilustra\u00e7\u00e3o), conhecido carinhosamente como Guila. A informa\u00e7\u00e3o foi confirmada pela prefeitura por meio de nota publicada em uma rede social. Na nota, a gest\u00e3o municipal lamentou o falecimento do servidor e destacou seu hist\u00f3rico profissional de trabalho, dedica\u00e7\u00e3o e compromisso<\/p>\n","protected":false},"author":8,"featured_media":0,"comment_status":"closed","ping_status":"closed","sticky":false,"template":"","format":"standard","meta":{"fifu_image_url":"","fifu_image_alt":"","footnotes":""},"categories":[33],"tags":[],"class_list":["post-14929","post","type-post","status-publish","format-standard","hentry","category-noticias"],"_links":{"self":[{"href":"https:\/\/ilheusnews.com.br\/index.php?rest_route=\/wp\/v2\/posts\/14929","targetHints":{"allow":["GET"]}}],"collection":[{"href":"https:\/\/ilheusnews.com.br\/index.php?rest_route=\/wp\/v2\/posts"}],"about":[{"href":"https:\/\/ilheusnews.com.br\/index.php?rest_route=\/wp\/v2\/types\/post"}],"author":[{"embeddable":true,"href":"https:\/\/ilheusnews.com.br\/index.php?rest_route=\/wp\/v2\/users\/8"}],"replies":[{"embeddable":true,"href":"https:\/\/ilheusnews.com.br\/index.php?rest_route=%2Fwp%2Fv2%2Fcomments&post=14929"}],"version-history":[{"count":0,"href":"https:\/\/ilheusnews.com.br\/index.php?rest_route=\/wp\/v2\/posts\/14929\/revisions"}],"wp:attachment":[{"href":"https:\/\/ilheusnews.com.br\/index.php?rest_route=%2Fwp%2Fv2%2Fmedia&parent=14929"}],"wp:term":[{"taxonomy":"category","embeddable":true,"href":"https:\/\/ilheusnews.com.br\/index.php?rest_route=%2Fwp%2Fv2%2Fcategories&post=14929"},{"taxonomy":"post_tag","embeddable":true,"href":"https:\/\/ilheusnews.com.br\/index.php?rest_route=%2Fwp%2Fv2%2Ftags&post=14929"}],"curies":[{"name":"wp","href":"https:\/\/api.w.org\/{rel}","templated":true}]}}