{"id":14925,"date":"2026-08-31T06:05:38","date_gmt":"2026-08-31T09:05:38","guid":{"rendered":"https:\/\/ilheusnews.com.br\/?p=14925"},"modified":"2026-08-31T06:05:38","modified_gmt":"2026-08-31T09:05:38","slug":"netflix-lancamentos-da-semana-31-de-agosto-a-6-de-setembro","status":"publish","type":"post","link":"https:\/\/ilheusnews.com.br\/?p=14925","title":{"rendered":"Netflix: lan\u00e7amentos da semana (31 de agosto a 6 de setembro)"},"content":{"rendered":"<div>\n<p>O <strong>Olhar Digital <\/strong>traz os <strong>lan\u00e7amentos da <a href=\"https:\/\/olhardigital.com.br\/tag\/netflix\/\" target=\"_blank\" rel=\"noreferrer noopener\">Netflix<\/a><\/strong> semanalmente. Nesta semana, voc\u00ea confere as produ\u00e7\u00f5es que chegam ao cat\u00e1logo do <a href=\"https:\/\/olhardigital.com.br\/tag\/streaming\/\" target=\"_blank\" rel=\"noreferrer noopener\">streaming<\/a> entre 31 de agosto e 6 de setembro de 2026.<\/p>\n<p>Entre as estreias, est\u00e3o os document\u00e1rios Untold: Raygun \u2013 A Pol\u00eamica do Breaking e Ponto de Virada: Gera\u00e7\u00e3o 11 de Setembro; e o reality show Alix Earle pelo Mundo. Tamb\u00e9m chegam ao cat\u00e1logo do streaming uma leva de filmes antigos de com\u00e9dia mexicana.<\/p>\n<h2 class=\"wp-block-heading\" id=\"h-o-que-chega-a-netflix-entre-31-de-agosto-e-6-de-setembro-de-2026\">O que chega \u00e0 Netflix entre 31 de agosto e 6 de setembro de 2026<\/h2>\n<p>Confira abaixo a lista das produ\u00e7\u00f5es que chegam ao cat\u00e1logo da Netflix entre <strong>31 de agosto e 6 de setembro de 2026<\/strong>:<\/p>\n<h3 class=\"wp-block-heading\" id=\"h-segunda-feira-31-08\">Segunda-feira \u2013 31\/08<\/h3>\n<ul>\n<li><strong>O Foragido<\/strong> (filme)<\/li>\n<\/ul>\n<h3 class=\"wp-block-heading\" id=\"h-terca-feira-01-09\">Ter\u00e7a-feira \u2013 01\/09<\/h3>\n<figure class=\"wp-block-embed is-type-video is-provider-youtube wp-block-embed-youtube wp-embed-aspect-16-9 wp-has-aspect-ratio\">\n<div class=\"wp-block-embed__wrapper\">\n<iframe loading=\"lazy\" title=\"Untold Raygun: Breaking Badly | Official Trailer | Netflix\" width=\"500\" height=\"281\" src=\"https:\/\/www.youtube.com\/embed\/OCZg5l9BfRg?feature=oembed\" frameborder=\"0\" allow=\"accelerometer; autoplay; clipboard-write; encrypted-media; gyroscope; picture-in-picture; web-share\" referrerpolicy=\"strict-origin-when-cross-origin\" allowfullscreen><\/iframe>\n<\/div>\n<\/figure>\n<ul>\n<li><strong>Untold: Raygun \u2013 A Pol\u00eamica do Breaking<\/strong>\n<ul>\n<li><em>Filme | Original Netflix | Document\u00e1rio | Esportes | Ano de Produ\u00e7\u00e3o: 2026<\/em><\/li>\n<li>Rachael Gunn nunca esperou participar das Olimp\u00edadas. Depois que sua apresenta\u00e7\u00e3o nos Jogos de Paris 2024 viralizou da noite para o dia, uma avalanche de memes, desinforma\u00e7\u00e3o e teorias da conspira\u00e7\u00e3o questionaram como Raygun tinha chegado at\u00e9 l\u00e1.<\/li>\n<\/ul>\n<\/li>\n<\/ul>\n<ul>\n<li><strong>Pepe<\/strong> (filme)<\/li>\n<li><strong>Abaixo o Pano<\/strong> (filme)<\/li>\n<li><strong>O Padrezinho<\/strong> (filme)<\/li>\n<li><strong>O Cavalheiro Sob Medida<\/strong> (filme)<\/li>\n<li><strong>O Varredor<\/strong> (filme)<\/li>\n<li><strong>O Professor<\/strong> (filme)<\/li>\n<li><strong>O Patrulheiro 777<\/strong> (filme)<\/li>\n<li><strong>O Policial Desconhecido<\/strong> (filme)<\/li>\n<li><strong>O Senhor Ministro<\/strong> (filme)<\/li>\n<li><strong>O Fot\u00f3grafo<\/strong> (filme)<\/li>\n<li><strong>O Bolero de Raquel<\/strong> (filme)<\/li>\n<li><strong>El Analfabeto<\/strong> (filme)<\/li>\n<li><strong>El Supersabio<\/strong> (filme)<\/li>\n<li><strong>Ni Sangre Ni Arena<\/strong> (filme)<\/li>\n<li><strong>Sua Excel\u00eancia<\/strong> (filme)<\/li>\n<li><strong>Se Eu Fosse Deputado<\/strong> (filme)<\/li>\n<li><strong>Sube y Baja<\/strong> (filme)<\/li>\n<li><strong>Dom Quixote Cavalga De Novo<\/strong> (filme)<\/li>\n<\/ul>\n<h3 class=\"wp-block-heading\" id=\"h-quarta-feira-02-09\">Quarta-feira \u2013 02\/09<\/h3>\n<figure class=\"wp-block-embed is-type-video is-provider-youtube wp-block-embed-youtube wp-embed-aspect-16-9 wp-has-aspect-ratio\">\n<div class=\"wp-block-embed__wrapper\">\n<iframe loading=\"lazy\" title=\"Turning Point: Generation 9\/11 | Official Trailer | Netflix\" width=\"500\" height=\"281\" src=\"https:\/\/www.youtube.com\/embed\/1epklvnxATo?feature=oembed\" frameborder=\"0\" allow=\"accelerometer; autoplay; clipboard-write; encrypted-media; gyroscope; picture-in-picture; web-share\" referrerpolicy=\"strict-origin-when-cross-origin\" allowfullscreen><\/iframe>\n<\/div>\n<\/figure>\n<ul>\n<li><strong>Ponto de Virada: Gera\u00e7\u00e3o 11 de Setembro<\/strong>\n<ul>\n<li><em>Filme | Original Netflix | Document\u00e1rio | Ano de Produ\u00e7\u00e3o: 2026 (Estados Unidos)<\/em><\/li>\n<li>Vinte e cinco anos depois do 11 de setembro, este document\u00e1rio analisa como esse dia marcou toda uma gera\u00e7\u00e3o. De crian\u00e7as que perderam os pais nos atentados a jornalistas que come\u00e7aram a carreira cobrindo a guerra contra o terrorismo, passando pelos jovens afeg\u00e3os e militares americanos que sofreram as consequ\u00eancias da ca\u00f3tica retirada dos Estados Unidos do Afeganist\u00e3o, as hist\u00f3rias emocionantes dessas pessoas revelam que o legado do 11 de setembro n\u00e3o ficou s\u00f3 na hist\u00f3ria, mas tamb\u00e9m nas vidas impactadas at\u00e9 hoje.<\/li>\n<\/ul>\n<\/li>\n<\/ul>\n<ul>\n<li><strong>Mal de Amores<\/strong>\n<ul>\n<li><em>S\u00e9rie | Original Netflix | Drama | Ano de Produ\u00e7\u00e3o: 2026 (M\u00e9xico)<\/em><\/li>\n<li>Durante a Revolu\u00e7\u00e3o Mexicana, Emilia Sauri corre atr\u00e1s do sonho de se tornar m\u00e9dica, desafiando as conven\u00e7\u00f5es em busca do amor, de um prop\u00f3sito e da independ\u00eancia.<\/li>\n<\/ul>\n<\/li>\n<\/ul>\n<h3 class=\"wp-block-heading\" id=\"h-quinta-feira-03-09\">Quinta-feira \u2013 03\/09<\/h3>\n<ul>\n<li><strong>Magnatas do Crime \u2013 Temporada 2<\/strong>\n<ul>\n<li><em>S\u00e9rie | Original Netflix | Drama | Com\u00e9dia | Ano de Produ\u00e7\u00e3o: 2026 (Reino Unido)<\/em><\/li>\n<li>Eddie tem grandes planos para expandir seu imp\u00e9rio, com ou sem a aprova\u00e7\u00e3o de Bobby. Susie enxerga uma nova possibilidade para diversificar os neg\u00f3cios.<\/li>\n<\/ul>\n<\/li>\n<\/ul>\n<ul>\n<li><strong>Fito P\u00e1ez: O Mundo Cabe em Uma Can\u00e7\u00e3o<\/strong>\n<ul>\n<li><em>Filme | Original Netflix | Document\u00e1rio | M\u00fasica | Ano de Produ\u00e7\u00e3o: 2026 (Argentina)<\/em><\/li>\n<li>Um document\u00e1rio que observa, ouve e interage com Fito P\u00e1ez com profunda intimidade. A c\u00e2mera \u00e9 uma testemunha quase invis\u00edvel de cada passo dele e o acompanha por mais de um ano em meio a grava\u00e7\u00f5es, ensaios, turn\u00eas e apresenta\u00e7\u00f5es em cidades importantes da Am\u00e9rica Latina, Europa e Estados Unidos. Tamb\u00e9m \u00e9 uma jornada pela vida de um dos maiores artistas de l\u00edngua espanhola: seus amores, m\u00e1goas, filhos, amizades, excessos, trag\u00e9dias, fracassos e triunfos.<\/li>\n<\/ul>\n<\/li>\n<\/ul>\n<ul>\n<li><strong>Gandhari<\/strong>\n<ul>\n<li><em>Filme | Original Netflix | Bollywood | Ano de Produ\u00e7\u00e3o: 2026 (\u00cdndia)<\/em><\/li>\n<li>Depois de perder a vis\u00e3o e a filha durante um sequestro, uma mulher resolve ir atr\u00e1s dos respons\u00e1veis e fazer justi\u00e7a.<\/li>\n<\/ul>\n<\/li>\n<\/ul>\n<ul>\n<li><strong>For\u00e7a de Prote\u00e7\u00e3o<\/strong> (filme)<\/li>\n<\/ul>\n<h3 class=\"wp-block-heading\" id=\"h-sexta-feira-04-09\">Sexta-feira \u2013 04\/09<\/h3>\n<figure class=\"wp-block-embed is-type-video is-provider-youtube wp-block-embed-youtube wp-embed-aspect-16-9 wp-has-aspect-ratio\">\n<div class=\"wp-block-embed__wrapper\">\n<iframe loading=\"lazy\" title=\"Earle Meets World | Official Trailer | Netflix\" width=\"500\" height=\"281\" src=\"https:\/\/www.youtube.com\/embed\/OaOYc2J_E_U?feature=oembed\" frameborder=\"0\" allow=\"accelerometer; autoplay; clipboard-write; encrypted-media; gyroscope; picture-in-picture; web-share\" referrerpolicy=\"strict-origin-when-cross-origin\" allowfullscreen><\/iframe>\n<\/div>\n<\/figure>\n<ul>\n<li><strong>Alix Earle pelo Mundo<\/strong>\n<ul>\n<li><em>S\u00e9rie | Original Netflix | Reality show | Ano de Produ\u00e7\u00e3o: 2026 (Estados Unidos)<\/em><\/li>\n<li>Alix Earle, a queridinha da gera\u00e7\u00e3o Z, est\u00e1 pronta para dar o pr\u00f3ximo grande salto em sua carreira. Ser\u00e1 que ela consegue conciliar seu imp\u00e9rio de neg\u00f3cios em ascens\u00e3o com aquele jeito sem filtros, ca\u00f3tico e t\u00edpico de quem est\u00e1 na casa dos vinte e poucos anos, pelo qual os Estados Unidos se apaixonaram? Agora ela vai levar toda a espontaneidade do seu FYP direto para a TV\u2026 sem nada para esconder.<\/li>\n<\/ul>\n<\/li>\n<\/ul>\n<ul>\n<li><strong>Apenas Corra<\/strong>\n<ul>\n<li><em>Filme | Original Netflix | Terror | Ano de Produ\u00e7\u00e3o: 2026 (Austr\u00e1lia)<\/em><\/li>\n<li>Uma menina afirma ter mem\u00f3rias de outra vida, for\u00e7ando a m\u00e3e a encarar o doloroso passado da fam\u00edlia.<\/li>\n<\/ul>\n<\/li>\n<\/ul>\n<ul>\n<li><strong>Brooklyn: Sem Pai Nem M\u00e3e<\/strong> (filme)<\/li>\n<li><strong>SWAR: For\u00e7a de Interven\u00e7\u00e3o<\/strong> (temporada 7)<\/li>\n<\/ul>\n<h3 class=\"wp-block-heading\" id=\"h-domingo-06-09\">Domingo \u2013 06\/09<\/h3>\n<ul>\n<li><strong>The Alto Knights: M\u00e1fia e Poder<\/strong> (filme)<\/li>\n<\/ul>\n<p>O post <a href=\"https:\/\/olhardigital.com.br\/2026\/08\/31\/cinema-e-streaming\/netflix-lancamentos-da-semana-31-de-agosto-a-6-de-setembro\/\">Netflix: lan\u00e7amentos da semana (31 de agosto a 6 de setembro)<\/a> apareceu primeiro em <a href=\"https:\/\/olhardigital.com.br\/\">Olhar Digital<\/a>.<\/p>\n<\/div>\n","protected":false},"excerpt":{"rendered":"<p>O Olhar Digital traz os lan\u00e7amentos da Netflix semanalmente. Nesta semana, voc\u00ea confere as produ\u00e7\u00f5es que chegam ao cat\u00e1logo do streaming entre 31 de agosto e 6 de setembro de 2026. Entre as estreias, est\u00e3o os document\u00e1rios Untold: Raygun \u2013 A Pol\u00eamica do Breaking e Ponto de Virada: Gera\u00e7\u00e3o 11 de Setembro; e o reality<\/p>\n","protected":false},"author":6,"featured_media":0,"comment_status":"closed","ping_status":"closed","sticky":false,"template":"","format":"standard","meta":{"fifu_image_url":"","fifu_image_alt":"","footnotes":""},"categories":[33],"tags":[],"class_list":["post-14925","post","type-post","status-publish","format-standard","hentry","category-noticias"],"_links":{"self":[{"href":"https:\/\/ilheusnews.com.br\/index.php?rest_route=\/wp\/v2\/posts\/14925","targetHints":{"allow":["GET"]}}],"collection":[{"href":"https:\/\/ilheusnews.com.br\/index.php?rest_route=\/wp\/v2\/posts"}],"about":[{"href":"https:\/\/ilheusnews.com.br\/index.php?rest_route=\/wp\/v2\/types\/post"}],"author":[{"embeddable":true,"href":"https:\/\/ilheusnews.com.br\/index.php?rest_route=\/wp\/v2\/users\/6"}],"replies":[{"embeddable":true,"href":"https:\/\/ilheusnews.com.br\/index.php?rest_route=%2Fwp%2Fv2%2Fcomments&post=14925"}],"version-history":[{"count":0,"href":"https:\/\/ilheusnews.com.br\/index.php?rest_route=\/wp\/v2\/posts\/14925\/revisions"}],"wp:attachment":[{"href":"https:\/\/ilheusnews.com.br\/index.php?rest_route=%2Fwp%2Fv2%2Fmedia&parent=14925"}],"wp:term":[{"taxonomy":"category","embeddable":true,"href":"https:\/\/ilheusnews.com.br\/index.php?rest_route=%2Fwp%2Fv2%2Fcategories&post=14925"},{"taxonomy":"post_tag","embeddable":true,"href":"https:\/\/ilheusnews.com.br\/index.php?rest_route=%2Fwp%2Fv2%2Ftags&post=14925"}],"curies":[{"name":"wp","href":"https:\/\/api.w.org\/{rel}","templated":true}]}}