{"id":14918,"date":"2026-08-31T06:05:35","date_gmt":"2026-08-31T09:05:35","guid":{"rendered":"https:\/\/ilheusnews.com.br\/?p=14918"},"modified":"2026-08-31T06:05:35","modified_gmt":"2026-08-31T09:05:35","slug":"o-que-os-leitores-do-olhar-digital-buscaram-na-ciencia-e-tecnologia-no-primeiro-semestre","status":"publish","type":"post","link":"https:\/\/ilheusnews.com.br\/?p=14918","title":{"rendered":"O que os leitores do Olhar Digital buscaram na ci\u00eancia e tecnologia no primeiro semestre"},"content":{"rendered":"<div>\n<p>O que voc\u00ea mais gosta de ler aqui no Olhar Digital? Explora\u00e7\u00e3o espacial? Astronomia? Intelig\u00eancia artificial? Bastidores das big techs? Finan\u00e7as das maiores empresas do mundo? Ou aquelas descobertas cient\u00edficas que parecem ter sa\u00eddo de um filme de fic\u00e7\u00e3o cient\u00edfica? Todos os meses, milh\u00f5es de leitores chegam ao site atr\u00e1s de respostas, novidades e, claro, daquela boa dose de curiosidade.<\/p>\n<p>Mas o que ser\u00e1 que mais despertou o interesse do p\u00fablico no primeiro semestre? Nos fizemos essa mesma pergunta para compartilhar com voc\u00ea, leitor. \u00c9 sempre bom compartilhar um pouco dos bastidores para mostrar o dia a dia do nosso site.<\/p>\n<p>E o resultado ajuda a revelar n\u00e3o apenas o que esteve em alta, mas tamb\u00e9m quais perguntas, tend\u00eancias e descobertas fizeram muita gente clicar para saber mais.<\/p>\n<h2 class=\"wp-block-heading\" id=\"h-eclipse-solar-o-queridinho-dos-nossos-leitores-e-espectadores\">Eclipse solar: o queridinho dos nossos leitores e espectadores<\/h2>\n<p>No dia 31 de dezembro de 2026, a gente j\u00e1 trazia <a href=\"https:\/\/olhardigital.com.br\/2025\/12\/31\/ciencia-e-espaco\/confira-as-datas-de-todos-os-eclipses-de-2026\/\" target=\"_blank\" rel=\"noreferrer noopener\">o calend\u00e1rio de eclipses do ano que viria. <\/a><\/p>\n<p>Antes do eclipse solar de fevereiro, por exemplo, milhares de leitores pesquisaram sobre a <a href=\"https:\/\/olhardigital.com.br\/2026\/02\/15\/ciencia-e-espaco\/eclipse-solar-anel-de-fogo-pode-ser-visto-no-brasil\/\" target=\"_blank\" rel=\"noreferrer noopener\">visibilidade no Brasil<\/a> e sobre <a href=\"https:\/\/olhardigital.com.br\/2026\/02\/16\/ciencia-e-espaco\/que-horas-e-o-eclipse-solar-desta-terca-feira-17\/\" target=\"_blank\" rel=\"noreferrer noopener\">o hor\u00e1rio em que ele aconteceria<\/a>. No dia do fen\u00f4meno, a cobertura passou a acompanhar o que estava acontecendo no c\u00e9u, claro.<\/p>\n<p><a href=\"https:\/\/olhardigital.com.br\/assinar\/\">Junte-se \u00e0 comunidade mais antenada: venha para o Clube Olhar Digital<\/a><\/p>\n<p>Em 12 de agosto, <a href=\"https:\/\/www.youtube.com\/watch?v=tLdCXDeLtiY\" target=\"_blank\" rel=\"noreferrer noopener\">transmitimos<\/a> o eclipse solar total que encantou a Europa. Nossa cobertura sobre o tema nas redes sociais decolou. <\/p>\n<p>E muita gente quis saber: quais s\u00e3o os pr\u00f3ximos eclipses no Brasil? J\u00e1 dou um spoiler: eclipse solar total, <a href=\"https:\/\/olhardigital.com.br\/2026\/08\/12\/ciencia-e-espaco\/eclipse-solar-faz-dia-virar-noite-na-europa-quando-sera-o-proximo-no-brasil\/\" target=\"_blank\" rel=\"noreferrer noopener\">s\u00f3 em 2045<\/a>. Mas, antes, teremos um belo \u201cAnel de Fogo\u201d no c\u00e9u <a href=\"https:\/\/olhardigital.com.br\/2026\/08\/10\/ciencia-e-espaco\/brasil-tera-anel-de-fogo-no-ceu-em-pleno-carnaval-no-ano-que-vem\/\" target=\"_blank\" rel=\"noreferrer noopener\">em pleno Carnaval no ano que vem.<\/a> <\/p>\n<p>Em 2023, vale lembrar, tivemos um Anel de Fogo nos c\u00e9us brasileiros \u2013 e <a href=\"https:\/\/www.youtube.com\/watch?v=BAhQGXZuN-Y\" target=\"_blank\" rel=\"noreferrer noopener\">nossa live<\/a> somou mais de 500 mil pessoas!<\/p>\n<figure class=\"wp-block-image size-large\"><figcaption class=\"wp-element-caption\">Existem tr\u00eas tipos de eclipses solares: parcial, anular e total? Na verdade, h\u00e1 mais um! \u2013 Cr\u00e9dito: Imagem gerada por IA\/Gemini<\/figcaption><\/figure>\n<h2 class=\"wp-block-heading\" id=\"h-artemis-2-e-o-futuro-da-exploracao-espacial\">Artemis 2 e o futuro da explora\u00e7\u00e3o espacial<\/h2>\n<p><strong>Artemis 2<\/strong>: a primeira miss\u00e3o tripulada do programa Artemis e a primeira a levar seres humanos \u00e0s proximidades da Lua desde a Apollo 17. A cobertura incluiu <a href=\"https:\/\/olhardigital.com.br\/2026\/03\/29\/ciencia-e-espaco\/que-horas-sera-o-lancamento-da-missao-tripulada-artemis-2-a-lua\/\" target=\"_blank\" rel=\"noreferrer noopener\">informa\u00e7\u00f5es sobre o lan\u00e7amento, a tripula\u00e7\u00e3o e a miss\u00e3o<\/a>, permitindo acompanhar um acontecimento que concentrava interesse antes, durante e depois de sua realiza\u00e7\u00e3o.<\/p>\n<p>Nesse tipo de cobertura, a tecnologia deixa de ser apenas um objeto de interesse e passa a fazer parte de um acontecimento. O foguete, a c\u00e1psula, os astronautas e os sistemas envolvidos na miss\u00e3o s\u00e3o importantes n\u00e3o apenas por suas caracter\u00edsticas t\u00e9cnicas, mas porque est\u00e3o inseridos em algo que acontece em um momento determinado e que pode ser acompanhado pelo p\u00fablico.<\/p>\n<p>Ao todo, entre mat\u00e9rias de antes, durante e depois da Artemis 2, nossa cobertura soma mais de 200 produ\u00e7\u00f5es no site. <\/p>\n<figure class=\"wp-block-image size-large\"><img loading=\"lazy\" decoding=\"async\" width=\"1024\" height=\"637\" src=\"https:\/\/ilheusnews.com.br\/wp-content\/uploads\/2026\/08\/earthset-artemis-2-1024x637-1.jpg\" alt=\"artemis 2 lua terra\" class=\"wp-image-1302115\" srcset=\"https:\/\/img.odcdn.com.br\/wp-content\/uploads\/2026\/04\/earthset-artemis-2-1024x637.jpg 1024w, https:\/\/img.odcdn.com.br\/wp-content\/uploads\/2026\/04\/earthset-artemis-2-300x187.jpg 300w, https:\/\/img.odcdn.com.br\/wp-content\/uploads\/2026\/04\/earthset-artemis-2-768x478.jpg 768w, https:\/\/img.odcdn.com.br\/wp-content\/uploads\/2026\/04\/earthset-artemis-2-1536x955.jpg 1536w, https:\/\/img.odcdn.com.br\/wp-content\/uploads\/2026\/04\/earthset-artemis-2-2048x1274.jpg 2048w, https:\/\/img.odcdn.com.br\/wp-content\/uploads\/2026\/04\/earthset-artemis-2-150x93.jpg 150w\" sizes=\"auto, (max-width: 1024px) 100vw, 1024px\"><figcaption class=\"wp-element-caption\">P\u00f4r da Terra no horizonte lunar visto pela miss\u00e3o Artemis 2 \u2013 Cr\u00e9dito: NASA<\/figcaption><\/figure>\n<h2 class=\"wp-block-heading\" id=\"h-eca-digital-e-regulamentacao-digital\">ECA Digital e regulamenta\u00e7\u00e3o digital<\/h2>\n<p>Nem toda hist\u00f3ria de tecnologia precisa apresentar uma inven\u00e7\u00e3o ou uma descoberta cient\u00edfica. Algumas das pautas de interesse do semestre tratam de mudan\u00e7as que afetam diretamente a maneira como as pessoas vivem, usam a internet ou lidam com o ambiente ao redor.<\/p>\n<p><a href=\"https:\/\/olhardigital.com.br\/assinar\/\">Junte-se \u00e0 comunidade mais antenada: venha para o Clube Olhar Digital<\/a><\/p>\n<p>O <a href=\"https:\/\/olhardigital.com.br\/2026\/02\/12\/internet-e-redes-sociais\/no-mes-que-vem-a-internet-vai-mudar-no-brasil\/\" target=\"_blank\" rel=\"noreferrer noopener\">ECA Digital<\/a> \u00e9 um exemplo. A entrada em vigor da legisla\u00e7\u00e3o em mar\u00e7o trouxe mudan\u00e7as nas responsabilidades de plataformas digitais em rela\u00e7\u00e3o a crian\u00e7as e adolescentes, incluindo mecanismos de supervis\u00e3o parental e aferi\u00e7\u00e3o de idade. O tema combina tecnologia, legisla\u00e7\u00e3o e comportamento digital, mas sua relev\u00e2ncia para o leitor est\u00e1 principalmente no efeito que essas mudan\u00e7as podem ter sobre o uso cotidiano da internet.<\/p>\n<p><a href=\"https:\/\/olhardigital.com.br\/2026\/07\/21\/internet-e-redes-sociais\/decretos-de-lula-sobre-big-techs-entram-em-vigor-e-geram-debate-juridico\/\" target=\"_blank\" rel=\"noreferrer noopener\">Em julho, entraram em vigor<\/a> novas regras para\u00a0plataformas digitais\u00a0e novas medidas de prote\u00e7\u00e3o \u00e0s mulheres no ambiente digital. As medidas alteraram a regulamenta\u00e7\u00e3o do\u00a0<a href=\"https:\/\/olhardigital.com.br\/tag\/marco-civil-da-internet\/\" target=\"_blank\" rel=\"noreferrer noopener\">Marco Civil da Internet<\/a>\u00a0e criaram novas diretrizes para empresas como Google, Meta, TikTok e X.<\/p>\n<p>Esses s\u00e3o bons exemplos de assuntos que interferem na nossa vida e em toda a comunidade digital, despertando grande apelo aos leitores do OD.<\/p>\n<figure class=\"wp-block-image size-large\"><img loading=\"lazy\" decoding=\"async\" width=\"1024\" height=\"576\" src=\"https:\/\/ilheusnews.com.br\/wp-content\/uploads\/2026\/08\/app-comida-1024x576-1.jpg\" alt=\"Pessoa segura um smartphone com um aplicativo de pedidos de comida aberto na tela.\" class=\"wp-image-1352826\" srcset=\"https:\/\/img.odcdn.com.br\/wp-content\/uploads\/2026\/07\/app-comida-1024x576.jpg 1024w, https:\/\/img.odcdn.com.br\/wp-content\/uploads\/2026\/07\/app-comida-300x169.jpg 300w, https:\/\/img.odcdn.com.br\/wp-content\/uploads\/2026\/07\/app-comida-768x432.jpg 768w, https:\/\/img.odcdn.com.br\/wp-content\/uploads\/2026\/07\/app-comida-1536x864.jpg 1536w, https:\/\/img.odcdn.com.br\/wp-content\/uploads\/2026\/07\/app-comida-1920x1080.jpg 1920w, https:\/\/img.odcdn.com.br\/wp-content\/uploads\/2026\/07\/app-comida-1280x720.jpg 1280w, https:\/\/img.odcdn.com.br\/wp-content\/uploads\/2026\/07\/app-comida-150x84.jpg 150w, https:\/\/img.odcdn.com.br\/wp-content\/uploads\/2026\/07\/app-comida.jpg 2000w\" sizes=\"auto, (max-width: 1024px) 100vw, 1024px\"><figcaption class=\"wp-element-caption\">O ECA Digital mudou os crit\u00e9rios da classifica\u00e7\u00e3o indicativa de aplicativos, que agora tamb\u00e9m considera funcionalidades e mecanismos de prote\u00e7\u00e3o para menores \u2013 Imagem: PeopleImages \/ Shutterstock<\/figcaption><\/figure>\n<h2 class=\"wp-block-heading\" id=\"h-robotica\">Rob\u00f3tica<\/h2>\n<p>Rob\u00f4s humanoides: eis um assunto muito querido por aqui. <\/p>\n<p>Em fevereiro, rob\u00f4s humanoides roubaram a cena em um festival na China com uma apresenta\u00e7\u00e3o impressionante de artes marciais. <a href=\"https:\/\/olhardigital.com.br\/2026\/02\/16\/robotica\/robos-humanoides-posam-em-festival-de-gala-da-primavera-como-lutadores-marciais\/\" target=\"_blank\" rel=\"noreferrer noopener\">O v\u00eddeo bombou por aqui!<\/a><\/p>\n<p>A <a href=\"https:\/\/olhardigital.com.br\/2026\/07\/20\/robotica\/robos-humanoides-um-novo-capitulo-na-disputa-entre-china-e-eua\/\" target=\"_blank\" rel=\"noreferrer noopener\">corrida tecnol\u00f3gica entre EUA e China<\/a> tamb\u00e9m \u00e9 acompanhada de perto por nossa comunidade. <\/p>\n<p>A Morgan Stanley foi al\u00e9m: projetou que o mercado de humanoides dever\u00e1 atingir US$ 5 trilh\u00f5es at\u00e9 2050, al\u00e9m das cadeias de suprimentos relacionadas, bem como reparo, manuten\u00e7\u00e3o e suporte. Poder\u00e1 haver mais de 1 bilh\u00e3o de humanoides em uso at\u00e9 o meio do s\u00e9culo. <\/p>\n<p>Voc\u00ea acredita nesse futuro?<\/p>\n<figure class=\"wp-block-image size-large\"><img loading=\"lazy\" decoding=\"async\" width=\"1024\" height=\"683\" src=\"https:\/\/ilheusnews.com.br\/wp-content\/uploads\/2026\/08\/china-eua-robos-1024x683-1.png\" alt=\"queda de bra\u00e7o entre rob\u00f4 humanoide americano e chin\u00eas\" class=\"wp-image-1353804\" srcset=\"https:\/\/img.odcdn.com.br\/wp-content\/uploads\/2026\/07\/china-eua-robos-1024x683.png 1024w, https:\/\/img.odcdn.com.br\/wp-content\/uploads\/2026\/07\/china-eua-robos-300x200.png 300w, https:\/\/img.odcdn.com.br\/wp-content\/uploads\/2026\/07\/china-eua-robos-768x512.png 768w, https:\/\/img.odcdn.com.br\/wp-content\/uploads\/2026\/07\/china-eua-robos-150x100.png 150w, https:\/\/img.odcdn.com.br\/wp-content\/uploads\/2026\/07\/china-eua-robos.png 1536w\" sizes=\"auto, (max-width: 1024px) 100vw, 1024px\"><figcaption class=\"wp-element-caption\">Al\u00e9m da corrida das IAs, China e EUA travam duelo na rob\u00f3tica \u2013 Imagem gerada com IA. ChatGPT\/Olhar Digital<\/figcaption><\/figure>\n<h2 class=\"wp-block-heading\" id=\"h-e-claro-inteligencia-artificial\">E claro\u2026 intelig\u00eancia artificial!<\/h2>\n<p>Atualmente, n\u00e3o tem como falar de tecnologia sem falar de intelig\u00eancia artificial. Aqui, a cobertura se divide muito entre o \u201chardnews\u201d, an\u00e1lises e novidades que impactam diretamente sua rotina. <\/p>\n<p>Em maio, <a href=\"https:\/\/olhardigital.com.br\/2026\/05\/30\/inteligencia-artificial\/a-ia-que-a-anthropic-tem-medo-de-lancar-o-que-voce-precisa-entender-sobre-o-mythos\/\" target=\"_blank\" rel=\"noreferrer noopener\">explicamos tudo sobre o Mythos<\/a> \u2013 a IA que a Anthropic dizia ter medo de lan\u00e7ar. Em julho, noticiamos que <a href=\"https:\/\/olhardigital.com.br\/2026\/07\/17\/inteligencia-artificial\/o-maior-modelo-aberto-de-ia-do-mundo-acaba-de-ser-lancado\/\" target=\"_blank\" rel=\"noreferrer noopener\">a China lan\u00e7ou<\/a> o maior modelo aberto de IA do mundo \u2013 apimentando essa corrida tecnol\u00f3gica com o Ocidente.<\/p>\n<p>Uma das manchetes que mais chamaram a aten\u00e7\u00e3o do nosso p\u00fablico foi essa aqui: <a href=\"https:\/\/olhardigital.com.br\/2026\/07\/22\/inteligencia-artificial\/sem-precedentes-novo-chatgpt-perde-o-controle-em-teste-e-faz-ataque-hacker\/\" target=\"_blank\" rel=\"noreferrer noopener\">Sem precedentes: novo ChatGPT perde o controle em teste e faz ataque hacker<\/a>. Depois desse caso, produzimos uma s\u00e9rie de mat\u00e9rias falando sobre IA e ciberseguran\u00e7a. <\/p>\n<p>Entre os produtos lan\u00e7ados recentemente no mercado, a campe\u00e3 de aten\u00e7\u00e3o dos nossos leitores foi a nova Alexa turbinada com IA, <a href=\"https:\/\/olhardigital.com.br\/2026\/06\/18\/reviews\/alexa-comeca-a-chegar-ao-brasil\/\" target=\"_blank\" rel=\"noreferrer noopener\">que chegou ao Brasil em junho.<\/a><\/p>\n<p>E claro, n\u00e3o tem como esquecer a Copa do Mundo \u2013 por mais que tenha sido um torneio problem\u00e1tico para o Brasil\u2026 <\/p>\n<p>O supercomputador <a href=\"https:\/\/olhardigital.com.br\/2026\/07\/16\/inteligencia-artificial\/supercomputador-crava-favorito-para-a-final-da-copa-2026\/\" target=\"_blank\" rel=\"noreferrer noopener\">que cravou<\/a> diferentes resultados roubou a cena por aqui.<\/p>\n<h2 class=\"wp-block-heading\" id=\"h-bicicletas-eletricas-e-bugigangas\">Bicicletas el\u00e9tricas e bugigangas<\/h2>\n<p>O Brasil n\u00e3o \u00e9 um mercado muito ativo para bicicletas el\u00e9tricas. Ao menos, por enquanto. Os pre\u00e7os s\u00e3o altos e a infraestrutura \u00e9 limitada. Mas o interesse por esse tipo de ve\u00edculo \u00e9 muito alto \u2013 pelo menos, entre nossos leitores. <\/p>\n<p>Duas novidades chamaram muito a aten\u00e7\u00e3o por aqui. <\/p>\n<p>A primeira delas \u00e9 uma nova bicicleta el\u00e9trica premium que chegou ao mercado em julho. <a href=\"https:\/\/olhardigital.com.br\/2026\/07\/24\/carros-e-tecnologia\/nova-bicicleta-eletrica-pesa-menos-de-19-kg-e-entrega-850-w-de-potencia\/\" target=\"_blank\" rel=\"noreferrer noopener\">O an\u00fancio da S-Works Turbo Levo R Ultralight LTD<\/a>, que promete entregar pot\u00eancia e praticidade, despertou o interesse da nossa comunidade. <\/p>\n<p>Milhares de leitores tamb\u00e9m se interessaram por uma <a href=\"https:\/\/olhardigital.com.br\/2026\/05\/01\/carros-e-tecnologia\/nova-tecnologia-converte-bicicleta-comum-em-eletrica-com-ate-50-km-de-autonomia\/\" target=\"_blank\" rel=\"noreferrer noopener\">nova tecnologia que converte bicicletas<\/a> comuns em el\u00e9tricas com at\u00e9 50 km de autonomia. O produto foi divulgado em uma campanha no Kickstarter.<\/p>\n<p>Entre as bugigangas techs, o maior sucesso foi de um \u201ccanivete su\u00ed\u00e7o\u201d moderno que tem um formato diferente: <a href=\"https:\/\/olhardigital.com.br\/2026\/06\/16\/reviews\/o-canivete-suico-moderno-vem-em-forma-de-cartoes-magneticos\/\" target=\"_blank\" rel=\"noreferrer noopener\">cart\u00f5es magn\u00e9ticos.<\/a> O gadget TitanSnap re\u00fane mais de 70 ferramentas para uso di\u00e1rio e em emerg\u00eancias.<\/p>\n<figure class=\"wp-block-image size-large\"><img loading=\"lazy\" decoding=\"async\" width=\"1024\" height=\"683\" src=\"https:\/\/ilheusnews.com.br\/wp-content\/uploads\/2026\/08\/titansnap-canivete-suico-1024x683-1.webp\" alt=\"Gadget traz diversas fun\u00e7\u00f5es distribu\u00eddas em cart\u00f5es\" class=\"wp-image-1341897\" srcset=\"https:\/\/img.odcdn.com.br\/wp-content\/uploads\/2026\/06\/titansnap-canivete-suico-1024x683.webp 1024w, https:\/\/img.odcdn.com.br\/wp-content\/uploads\/2026\/06\/titansnap-canivete-suico-300x200.webp 300w, https:\/\/img.odcdn.com.br\/wp-content\/uploads\/2026\/06\/titansnap-canivete-suico-768x512.webp 768w, https:\/\/img.odcdn.com.br\/wp-content\/uploads\/2026\/06\/titansnap-canivete-suico-1536x1024.webp 1536w, https:\/\/img.odcdn.com.br\/wp-content\/uploads\/2026\/06\/titansnap-canivete-suico-150x100.webp 150w, https:\/\/img.odcdn.com.br\/wp-content\/uploads\/2026\/06\/titansnap-canivete-suico.webp 1920w\" sizes=\"auto, (max-width: 1024px) 100vw, 1024px\"><figcaption class=\"wp-element-caption\">Conhe\u00e7a o gadget multiferramenta em cart\u00f5es de tit\u00e2nio com mais de 70 fun\u00e7\u00f5es e design modular pensado para o dia a dia. \u2013 Imagem: Divulga\u00e7\u00e3o\/Gadget On<\/figcaption><\/figure>\n<h2 class=\"wp-block-heading\" id=\"h-e-para-fechar-as-curiosidades-favoritas-do-publico\"><a href=\"https:\/\/olhardigital.com.br\/author\/valdir-antonelli\/\"><\/a>E para fechar: as curiosidades favoritas do p\u00fablico<\/h2>\n<p>Tem alguns assuntos que s\u00e3o quase muito chamativos, n\u00e9? N\u00e3o tem como n\u00e3o clicar. Olha s\u00f3 essas manchetes que fizeram sucesso por aqui:<\/p>\n<ul>\n<li><a href=\"https:\/\/olhardigital.com.br\/2026\/04\/16\/ciencia-e-espaco\/cientistas-encontram-tinta-de-caneta-em-meteorito-vindo-de-marte\/\" target=\"_blank\" rel=\"noreferrer noopener\">Cientistas encontram tinta de caneta em meteorito vindo de Marte<\/a><\/li>\n<li><a href=\"https:\/\/olhardigital.com.br\/2026\/02\/10\/ciencia-e-espaco\/porcos-hibridos-de-fukushima-estao-se-reproduzindo-em-ritmo-acelerado\/\" target=\"_blank\" rel=\"noreferrer noopener\">Porcos h\u00edbridos de Fukushima est\u00e3o se reproduzindo em ritmo acelerado<\/a><\/li>\n<li><a href=\"https:\/\/olhardigital.com.br\/2026\/01\/26\/ciencia-e-espaco\/astrofisicos-preveem-cenario-apocaliptico-com-a-expansao-da-starlink\/\" target=\"_blank\" rel=\"noreferrer noopener\">Astrof\u00edsicos preveem cen\u00e1rio apocal\u00edptico com a expans\u00e3o da Starlink<\/a><\/li>\n<li><a href=\"https:\/\/olhardigital.com.br\/2026\/05\/28\/ciencia-e-espaco\/satelite-registra-as-maiores-ondas-ja-vistas-do-espaco-em-mar-aberto\/\" target=\"_blank\" rel=\"noreferrer noopener\">Sat\u00e9lite registra as maiores ondas j\u00e1 vistas do espa\u00e7o em mar aberto<\/a><\/li>\n<li><a href=\"https:\/\/olhardigital.com.br\/2026\/01\/15\/ciencia-e-espaco\/geologos-ouvem-o-batimento-cardiaco-da-terra-sob-a-africa-que-esta-partindo-o-continente\/\" target=\"_blank\" rel=\"noreferrer noopener\">Ge\u00f3logos ouvem o \u201cbatimento card\u00edaco\u201d da Terra sob a \u00c1frica, que est\u00e1 partindo o continente<\/a><\/li>\n<li><a href=\"https:\/\/olhardigital.com.br\/2026\/02\/18\/ciencia-e-espaco\/tubarao-de-150-milhoes-de-anos-desafia-historia-evolutiva\/\" target=\"_blank\" rel=\"noreferrer noopener\">Tubar\u00e3o de 150 milh\u00f5es de anos desafia hist\u00f3ria evolutiva<\/a><\/li>\n<li><a href=\"https:\/\/olhardigital.com.br\/2026\/04\/02\/ciencia-e-espaco\/arqueologos-descobrem-estrutura-misteriosa-sob-cidade-do-egito-com-ajuda-de-satelite\/\" target=\"_blank\" rel=\"noreferrer noopener\">Arque\u00f3logos descobrem estrutura misteriosa sob cidade do Egito com ajuda de sat\u00e9lite<\/a><\/li>\n<li><a href=\"https:\/\/olhardigital.com.br\/2026\/04\/30\/ciencia-e-espaco\/ferramenta-mostra-onde-sua-casa-estava-localizada-na-terra-ha-320-milhoes-de-anos\/\" target=\"_blank\" rel=\"noreferrer noopener\">Ferramenta mostra onde sua casa estava localizada na Terra h\u00e1 320 milh\u00f5es de anos\u00a0<\/a><\/li>\n<li><a href=\"https:\/\/olhardigital.com.br\/2026\/04\/23\/ciencia-e-espaco\/misterio-resolvido-capa-esferica-dourada-no-fundo-do-oceano-e-identificada\/\" target=\"_blank\" rel=\"noreferrer noopener\">Mist\u00e9rio resolvido: \u201ccapa\u201d esf\u00e9rica dourada no fundo do oceano \u00e9 identificada<\/a><\/li>\n<\/ul>\n<p>Nem fizemos um descritivo das mat\u00e9rias para n\u00e3o dar spoiler. Qual voc\u00ea clicou primeiro?<\/p>\n<p><a href=\"https:\/\/olhardigital.com.br\/assinar\/\">Junte-se \u00e0 comunidade mais antenada: venha para o Clube Olhar Digital<\/a><\/p>\n<p>O post <a href=\"https:\/\/olhardigital.com.br\/2026\/08\/31\/ciencia-e-espaco\/o-que-os-leitores-do-olhar-digital-buscaram-na-ciencia-e-tecnologia-no-primeiro-semestre\/\">O que os leitores do Olhar Digital buscaram na ci\u00eancia e tecnologia no primeiro semestre<\/a> apareceu primeiro em <a href=\"https:\/\/olhardigital.com.br\/\">Olhar Digital<\/a>.<\/p>\n<\/div>\n","protected":false},"excerpt":{"rendered":"<p>O que voc\u00ea mais gosta de ler aqui no Olhar Digital? Explora\u00e7\u00e3o espacial? Astronomia? Intelig\u00eancia artificial? Bastidores das big techs? Finan\u00e7as das maiores empresas do mundo? Ou aquelas descobertas cient\u00edficas que parecem ter sa\u00eddo de um filme de fic\u00e7\u00e3o cient\u00edfica? Todos os meses, milh\u00f5es de leitores chegam ao site atr\u00e1s de respostas, novidades e, claro,<\/p>\n","protected":false},"author":6,"featured_media":14919,"comment_status":"closed","ping_status":"closed","sticky":false,"template":"","format":"standard","meta":{"fifu_image_url":"https:\/\/olhardigital.com.br\/wp-content\/uploads\/2026\/08\/eclipses-solares-1024x521.jpeg","fifu_image_alt":"O que os leitores do Olhar Digital buscaram na ci\u00eancia e tecnologia no primeiro semestre","footnotes":""},"categories":[33],"tags":[],"class_list":["post-14918","post","type-post","status-publish","format-standard","has-post-thumbnail","hentry","category-noticias"],"_links":{"self":[{"href":"https:\/\/ilheusnews.com.br\/index.php?rest_route=\/wp\/v2\/posts\/14918","targetHints":{"allow":["GET"]}}],"collection":[{"href":"https:\/\/ilheusnews.com.br\/index.php?rest_route=\/wp\/v2\/posts"}],"about":[{"href":"https:\/\/ilheusnews.com.br\/index.php?rest_route=\/wp\/v2\/types\/post"}],"author":[{"embeddable":true,"href":"https:\/\/ilheusnews.com.br\/index.php?rest_route=\/wp\/v2\/users\/6"}],"replies":[{"embeddable":true,"href":"https:\/\/ilheusnews.com.br\/index.php?rest_route=%2Fwp%2Fv2%2Fcomments&post=14918"}],"version-history":[{"count":0,"href":"https:\/\/ilheusnews.com.br\/index.php?rest_route=\/wp\/v2\/posts\/14918\/revisions"}],"wp:featuredmedia":[{"embeddable":true,"href":"https:\/\/ilheusnews.com.br\/index.php?rest_route=\/wp\/v2\/media\/14919"}],"wp:attachment":[{"href":"https:\/\/ilheusnews.com.br\/index.php?rest_route=%2Fwp%2Fv2%2Fmedia&parent=14918"}],"wp:term":[{"taxonomy":"category","embeddable":true,"href":"https:\/\/ilheusnews.com.br\/index.php?rest_route=%2Fwp%2Fv2%2Fcategories&post=14918"},{"taxonomy":"post_tag","embeddable":true,"href":"https:\/\/ilheusnews.com.br\/index.php?rest_route=%2Fwp%2Fv2%2Ftags&post=14918"}],"curies":[{"name":"wp","href":"https:\/\/api.w.org\/{rel}","templated":true}]}}