{"id":14917,"date":"2026-08-31T06:05:33","date_gmt":"2026-08-31T09:05:33","guid":{"rendered":"https:\/\/ilheusnews.com.br\/?p=14917"},"modified":"2026-08-31T06:05:33","modified_gmt":"2026-08-31T09:05:33","slug":"projeto-de-acessibilidade-do-tre-ba-e-premiado-no-6-festlabs-2026","status":"publish","type":"post","link":"https:\/\/ilheusnews.com.br\/?p=14917","title":{"rendered":"Projeto de acessibilidade do TRE-BA \u00e9 premiado no 6\u00b0 Festlabs 2026"},"content":{"rendered":"<div>O Tribunal Regional Eleitoral da Bahia (TRE-BA) conquistou o terceiro lugar na premia\u00e7\u00e3o do 6\u00b0 FestLabs Cuiab\u00e1 2026 \u2013 Justi\u00e7a H\u00edbrida: Humanos, Dados e Intelig\u00eancia Artificial, festival que premia a\u00e7\u00f5es inovadoras do Poder Judici\u00e1rio. O projeto agraciado foi o Treinamento para Coordenadores(as) de Acessibilidade, desenvolvido nas Elei\u00e7\u00f5es Municipais de 2024. A premia\u00e7\u00e3o ocorreu nos dias 21 e 22 de agosto, em Cuiab\u00e1 (MT). (Foto ilustra\u00e7\u00e3o) O reconhecimento destacou o trabalho desenvolvido pelo TRE-BA no aprimoramento dos servi\u00e7os prestados ao eleitorado baiano, com destaque \u00e0s pessoas com defici\u00eancia. Com conte\u00fados focados em no\u00e7\u00f5es b\u00e1sicas sobre tipos de defici\u00eancia, legisla\u00e7\u00e3o vigente e as barreiras f\u00edsicas e atitudinais, o projeto foi preparado para 9.424 volunt\u00e1rios, sendo 462 nas Zonas Eleitorais da capital e 8.962 do interior do estado, que foram convocados como coordenadores(as) e colaboradores(as) de acessibilidade no pleito de 2024. \u201cNosso projeto est\u00e1 em conson\u00e2ncia com o tema do Festlabs 2026, pois o treinamento \u00e9 focado no tratamento humanizado, na empatia e no senso de pertencimento das pessoas com defici\u00eancia e\/ou mobilidade reduzida no dia das elei\u00e7\u00f5es\u201d, analisou Rita de Souza, chefe de Cart\u00f3rio da 5\u00aa Zona Eleitoral, membra da Comiss\u00e3o de Inclus\u00e3o e Acessibilidade do TRE-BA, uma das representantes do projeto.\u00a0 Para o servidor da Se\u00e7\u00e3o de Cria\u00e7\u00e3o e Multimeios do TRE-BA, Ven\u00edcios Belo, o sentimento ao receber a premia\u00e7\u00e3o foi de realiza\u00e7\u00e3o diante dos esfor\u00e7os colaborativos empenhados no treinamento. \u201cEsse reconhecimento mostra que a dedica\u00e7\u00e3o e o trabalho colaborativo empregados no projeto valeram a pena. O pr\u00eamio refor\u00e7a a import\u00e2ncia de buscar solu\u00e7\u00f5es inovadoras que possam contribuir efetivamente para o trabalho da Justi\u00e7a Eleitoral\u201d.\u00a0 (Ascom\/TRE\/BA)<\/div>\n","protected":false},"excerpt":{"rendered":"<p>O Tribunal Regional Eleitoral da Bahia (TRE-BA) conquistou o terceiro lugar na premia\u00e7\u00e3o do 6\u00b0 FestLabs Cuiab\u00e1 2026 \u2013 Justi\u00e7a H\u00edbrida: Humanos, Dados e Intelig\u00eancia Artificial, festival que premia a\u00e7\u00f5es inovadoras do Poder Judici\u00e1rio. O projeto agraciado foi o Treinamento para Coordenadores(as) de Acessibilidade, desenvolvido nas Elei\u00e7\u00f5es Municipais de 2024. A premia\u00e7\u00e3o ocorreu nos dias<\/p>\n","protected":false},"author":8,"featured_media":0,"comment_status":"closed","ping_status":"closed","sticky":false,"template":"","format":"standard","meta":{"fifu_image_url":"","fifu_image_alt":"","footnotes":""},"categories":[33],"tags":[],"class_list":["post-14917","post","type-post","status-publish","format-standard","hentry","category-noticias"],"_links":{"self":[{"href":"https:\/\/ilheusnews.com.br\/index.php?rest_route=\/wp\/v2\/posts\/14917","targetHints":{"allow":["GET"]}}],"collection":[{"href":"https:\/\/ilheusnews.com.br\/index.php?rest_route=\/wp\/v2\/posts"}],"about":[{"href":"https:\/\/ilheusnews.com.br\/index.php?rest_route=\/wp\/v2\/types\/post"}],"author":[{"embeddable":true,"href":"https:\/\/ilheusnews.com.br\/index.php?rest_route=\/wp\/v2\/users\/8"}],"replies":[{"embeddable":true,"href":"https:\/\/ilheusnews.com.br\/index.php?rest_route=%2Fwp%2Fv2%2Fcomments&post=14917"}],"version-history":[{"count":0,"href":"https:\/\/ilheusnews.com.br\/index.php?rest_route=\/wp\/v2\/posts\/14917\/revisions"}],"wp:attachment":[{"href":"https:\/\/ilheusnews.com.br\/index.php?rest_route=%2Fwp%2Fv2%2Fmedia&parent=14917"}],"wp:term":[{"taxonomy":"category","embeddable":true,"href":"https:\/\/ilheusnews.com.br\/index.php?rest_route=%2Fwp%2Fv2%2Fcategories&post=14917"},{"taxonomy":"post_tag","embeddable":true,"href":"https:\/\/ilheusnews.com.br\/index.php?rest_route=%2Fwp%2Fv2%2Ftags&post=14917"}],"curies":[{"name":"wp","href":"https:\/\/api.w.org\/{rel}","templated":true}]}}