{"id":14834,"date":"2026-08-29T00:01:07","date_gmt":"2026-08-29T03:01:07","guid":{"rendered":"https:\/\/ilheusnews.com.br\/?p=14834"},"modified":"2026-08-29T00:01:07","modified_gmt":"2026-08-29T03:01:07","slug":"meta-corrige-falha-de-privacidade-em-oculos-inteligentes-e-tenta-impedir-gravacao-indevida","status":"publish","type":"post","link":"https:\/\/ilheusnews.com.br\/?p=14834","title":{"rendered":"Meta corrige falha de privacidade em \u00f3culos inteligentes e tenta impedir grava\u00e7\u00e3o indevida"},"content":{"rendered":"<div>\n<p>A <a href=\"https:\/\/olhardigital.com.br\/tag\/meta\/\" target=\"_blank\" rel=\"noreferrer noopener\">Meta<\/a> est\u00e1 atualizando seus \u00f3culos inteligentes com recursos de <a href=\"https:\/\/olhardigital.com.br\/tag\/inteligencia-artificial\/\" target=\"_blank\" rel=\"noreferrer noopener\">intelig\u00eancia artificial (IA)<\/a> para impedir que usu\u00e1rios continuem gravando outras pessoas de forma discreta ao cobrir a luz de captura do dispositivo.<\/p>\n<p>A empresa identificou e est\u00e1 corrigindo uma brecha que permitia contornar uma das principais prote\u00e7\u00f5es de privacidade dos <a href=\"https:\/\/olhardigital.com.br\/tag\/oculos\/\" target=\"_blank\" rel=\"noreferrer noopener\">\u00f3culos<\/a>. Com a nova atualiza\u00e7\u00e3o, a c\u00e2mera ser\u00e1 desligada caso o usu\u00e1rio cubra a <a href=\"https:\/\/olhardigital.com.br\/tag\/luz\/\" target=\"_blank\" rel=\"noreferrer noopener\">luz<\/a> frontal enquanto uma grava\u00e7\u00e3o estiver em andamento.<\/p>\n<p>Alex Himel, vice-presidente de realidade aumentada da Meta, anunciou a mudan\u00e7a em uma publica\u00e7\u00e3o no Threads. \u201cAgora, a c\u00e2mera vai parar de funcionar se a luz for coberta durante uma grava\u00e7\u00e3o\u201d, escreveu o executivo.<\/p>\n<p>Os \u00f3culos inteligentes da Meta j\u00e1 desativavam a c\u00e2mera quando algu\u00e9m cobria fisicamente o LED frontal. A luz pisca sempre que o dispositivo est\u00e1 sendo usado para tirar uma foto ou gravar um v\u00eddeo, funcionando como um aviso visual para as pessoas pr\u00f3ximas.<\/p>\n<p>O problema \u00e9 que alguns usu\u00e1rios descobriram uma maneira de contornar a prote\u00e7\u00e3o: bastava iniciar a grava\u00e7\u00e3o e s\u00f3 depois cobrir o LED. Dessa forma, era poss\u00edvel continuar registrando imagens sem que a luz permanecesse vis\u00edvel.<\/p>\n<p>A Meta tamb\u00e9m havia atualizado os \u00f3culos pouco mais de um m\u00eas atr\u00e1s para desligar a c\u00e2mera quando o usu\u00e1rio tentasse interferir fisicamente no funcionamento da luz de captura.<\/p>\n<h2 class=\"wp-block-heading\" id=\"h-meta-promete-mais-atualizacoes-de-privacidade\">Meta promete mais atualiza\u00e7\u00f5es de privacidade<\/h2>\n<ul>\n<li>Himel afirmou que a companhia continuar\u00e1 lan\u00e7ando atualiza\u00e7\u00f5es para garantir que o LED consiga cumprir sua fun\u00e7\u00e3o de informar as pessoas ao redor quando fotos ou v\u00eddeos est\u00e3o sendo capturados;<\/li>\n<li>\u201cVamos continuar lan\u00e7ando atualiza\u00e7\u00f5es como essa para garantir que o LED de captura possa alertar de maneira confi\u00e1vel as pessoas pr\u00f3ximas quando fotos ou v\u00eddeos estiverem sendo capturados para a galeria de algu\u00e9m\u201d, afirmou;<\/li>\n<li>O executivo tamb\u00e9m disse que apenas uma parcela muito pequena dos usu\u00e1rios tenta contornar as prote\u00e7\u00f5es;<\/li>\n<li>\u201cSomente uma minoria muito pequena de pessoas tenta contornar essas prote\u00e7\u00f5es, e o fato de elas precisarem chegar a esses extremos mostra que nossos esfor\u00e7os est\u00e3o funcionando\u201d, acrescentou.<\/li>\n<\/ul>\n<div class=\"wp-block-image\">\n<figure class=\"aligncenter size-large\"><figcaption class=\"wp-element-caption\">Meta tenta refor\u00e7ar medidas de privacidade \u2013 Imagem: Piotr Swat\/Shutterstock<\/figcaption><\/figure>\n<\/div>\n<p><strong>Leia mais:<\/strong><\/p>\n<ul>\n<li><a href=\"https:\/\/olhardigital.com.br\/2025\/04\/15\/dicas-e-tutoriais\/como-criar-sua-propria-inteligencia-artificial-com-meta-ai-studio\/\" target=\"_blank\" rel=\"noreferrer noopener\">Como criar sua pr\u00f3pria intelig\u00eancia artificial com Meta AI Studio<\/a><\/li>\n<li><a href=\"https:\/\/olhardigital.com.br\/2024\/03\/31\/dicas-e-tutoriais\/como-adicionar-uma-conta-na-central-de-contas-da-meta-pelo-pc-ou-celular\/\" target=\"_blank\" rel=\"noreferrer noopener\">Como adicionar uma conta na Central de Contas da Meta pelo PC ou celular<\/a><\/li>\n<li><a href=\"https:\/\/olhardigital.com.br\/2026\/08\/27\/internet-e-redes-sociais\/zuckerberg-quer-que-tiktok-e-youtube-sigam-novas-regras-para-adolescentes-impostas-a-meta\/\" target=\"_blank\" rel=\"noreferrer noopener\">Zuckerberg quer que TikTok e YouTube sigam novas regras para adolescentes impostas \u00e0 Meta<\/a><\/li>\n<\/ul>\n<h2 class=\"wp-block-heading\" id=\"h-oculos-enfrentam-criticas-por-privacidade\">\u00d3culos enfrentam cr\u00edticas por privacidade<\/h2>\n<p>Os \u00f3culos inteligentes da Meta v\u00eam enfrentando questionamentos relacionados \u00e0 privacidade e ao ass\u00e9dio.<\/p>\n<p>Houve casos de usu\u00e1rios utilizando os dispositivos para gravar outras pessoas sem consentimento, al\u00e9m de situa\u00e7\u00f5es em que os \u00f3culos foram usados para registrar \u201cpegadinhas\u201d destinadas \u00e0s redes sociais com pessoas que n\u00e3o sabiam que estavam sendo filmadas.<\/p>\n<p>As preocupa\u00e7\u00f5es aumentaram ap\u00f3s relatos de que a Meta estaria adicionando um recurso de reconhecimento facial aos \u00f3culos.<\/p>\n<p>A combina\u00e7\u00e3o desses epis\u00f3dios contribuiu para o surgimento de uma campanha global contra os dispositivos, com cr\u00edticas relacionadas ao potencial de vigil\u00e2ncia e \u00e0 possibilidade de grava\u00e7\u00f5es n\u00e3o autorizadas.<\/p>\n<p>Agora, a Meta tamb\u00e9m tenta atuar na outra ponta: aumentar a conscientiza\u00e7\u00e3o sobre o funcionamento do LED de captura.<\/p>\n<h2 class=\"wp-block-heading\" id=\"h-meta-lanca-campanha-sobre-luz-que-indica-gravacoes\">Meta lan\u00e7a campanha sobre luz que indica grava\u00e7\u00f5es<\/h2>\n<p>A empresa iniciou uma campanha publicit\u00e1ria em comunidades \u201conde as vendas dos \u00f3culos t\u00eam sido populares\u201d, segundo Albert Aydin, porta-voz da Meta.<\/p>\n<p>Um dos outdoors instalados em Los Angeles (EUA) mostra os \u00f3culos inteligentes da companhia acompanhados da mensagem: \u201cA c\u00e2mera permite que voc\u00ea capture o momento. A luz permite que todos ao seu redor saibam quando voc\u00ea faz isso.\u201d<\/p>\n<p>A Meta tamb\u00e9m publicou um v\u00eddeo explicando a fun\u00e7\u00e3o do LED. Segundo a mensagem exibida pela empresa, a luz de captura indica quando os \u00f3culos est\u00e3o registrando fotos ou v\u00eddeos.<\/p>\n<p>A campanha refor\u00e7a ainda uma regra simples: \u201csem luz, sem captura\u201d.<\/p>\n<p>O post <a href=\"https:\/\/olhardigital.com.br\/2026\/08\/28\/reviews\/meta-corrige-falha-de-privacidade-em-oculos-inteligentes-e-tenta-impedir-gravacao-indevida\/\">Meta corrige falha de privacidade em \u00f3culos inteligentes e tenta impedir grava\u00e7\u00e3o indevida<\/a> apareceu primeiro em <a href=\"https:\/\/olhardigital.com.br\/\">Olhar Digital<\/a>.<\/p>\n<\/div>\n","protected":false},"excerpt":{"rendered":"<p>A Meta est\u00e1 atualizando seus \u00f3culos inteligentes com recursos de intelig\u00eancia artificial (IA) para impedir que usu\u00e1rios continuem gravando outras pessoas de forma discreta ao cobrir a luz de captura do dispositivo. A empresa identificou e est\u00e1 corrigindo uma brecha que permitia contornar uma das principais prote\u00e7\u00f5es de privacidade dos \u00f3culos. Com a nova atualiza\u00e7\u00e3o,<\/p>\n","protected":false},"author":6,"featured_media":14835,"comment_status":"closed","ping_status":"closed","sticky":false,"template":"","format":"standard","meta":{"fifu_image_url":"https:\/\/olhardigital.com.br\/wp-content\/uploads\/2026\/05\/meta_platforms-1024x682.jpg","fifu_image_alt":"Meta corrige falha de privacidade em \u00f3culos inteligentes e tenta impedir grava\u00e7\u00e3o indevida","footnotes":""},"categories":[33],"tags":[],"class_list":["post-14834","post","type-post","status-publish","format-standard","has-post-thumbnail","hentry","category-noticias"],"_links":{"self":[{"href":"https:\/\/ilheusnews.com.br\/index.php?rest_route=\/wp\/v2\/posts\/14834","targetHints":{"allow":["GET"]}}],"collection":[{"href":"https:\/\/ilheusnews.com.br\/index.php?rest_route=\/wp\/v2\/posts"}],"about":[{"href":"https:\/\/ilheusnews.com.br\/index.php?rest_route=\/wp\/v2\/types\/post"}],"author":[{"embeddable":true,"href":"https:\/\/ilheusnews.com.br\/index.php?rest_route=\/wp\/v2\/users\/6"}],"replies":[{"embeddable":true,"href":"https:\/\/ilheusnews.com.br\/index.php?rest_route=%2Fwp%2Fv2%2Fcomments&post=14834"}],"version-history":[{"count":0,"href":"https:\/\/ilheusnews.com.br\/index.php?rest_route=\/wp\/v2\/posts\/14834\/revisions"}],"wp:featuredmedia":[{"embeddable":true,"href":"https:\/\/ilheusnews.com.br\/index.php?rest_route=\/wp\/v2\/media\/14835"}],"wp:attachment":[{"href":"https:\/\/ilheusnews.com.br\/index.php?rest_route=%2Fwp%2Fv2%2Fmedia&parent=14834"}],"wp:term":[{"taxonomy":"category","embeddable":true,"href":"https:\/\/ilheusnews.com.br\/index.php?rest_route=%2Fwp%2Fv2%2Fcategories&post=14834"},{"taxonomy":"post_tag","embeddable":true,"href":"https:\/\/ilheusnews.com.br\/index.php?rest_route=%2Fwp%2Fv2%2Ftags&post=14834"}],"curies":[{"name":"wp","href":"https:\/\/api.w.org\/{rel}","templated":true}]}}