{"id":14805,"date":"2026-08-28T18:02:48","date_gmt":"2026-08-28T21:02:48","guid":{"rendered":"https:\/\/ilheusnews.com.br\/?p=14805"},"modified":"2026-08-28T18:02:48","modified_gmt":"2026-08-28T21:02:48","slug":"coracao-de-maria-prefeito-kley-lima-comemora-aprovacao-de-contas","status":"publish","type":"post","link":"https:\/\/ilheusnews.com.br\/?p=14805","title":{"rendered":"Cora\u00e7\u00e3o de Maria: Prefeito Kley Lima\u00a0comemora aprova\u00e7\u00e3o de\u00a0contas"},"content":{"rendered":"<div>O prefeito de Cora\u00e7\u00e3o de Maria, Kley Lima (Avante \u2013 foto ilustra\u00e7\u00e3o), usou suas redes sociais nesta quinta-feira (27) para comemorar a aprova\u00e7\u00e3o de suas contas, referentes ao ano de 2024, pelo Tribunal de Contas dos Munic\u00edpios da Bahia (TCM). O\u00a0gestor tamb\u00e9m celebrou a aprova\u00e7\u00e3o das contas por quatro anos consecutivos\u00a0e destacou\u00a0o trabalho executado durante esse per\u00edodo. \u201cRecebo essa aprova\u00e7\u00e3o com muita satisfa\u00e7\u00e3o. Nossas contas foram aprovadas em 2021, 2022, 2023 e, agora, 2024. \u00c9 o resultado da dedica\u00e7\u00e3o de toda uma equipe que trabalha diariamente para cuidar do nosso munic\u00edpio com responsabilidade.\u201d, refor\u00e7ou o prefeito\u201d. Segundo Kley Lima, o reconhecimento\u00a0\u00e9 consequ\u00eancia\u00a0do\u00a0trabalho comprometido com a transpar\u00eancia\u00a0e com o equil\u00edbrio das contas p\u00fablicas. \u201cAgrade\u00e7o a cada secret\u00e1rio, servidor, t\u00e9cnico e colaborador que faz parte dessa caminhada\u201d, finalizou.<\/div>\n","protected":false},"excerpt":{"rendered":"<p>O prefeito de Cora\u00e7\u00e3o de Maria, Kley Lima (Avante \u2013 foto ilustra\u00e7\u00e3o), usou suas redes sociais nesta quinta-feira (27) para comemorar a aprova\u00e7\u00e3o de suas contas, referentes ao ano de 2024, pelo Tribunal de Contas dos Munic\u00edpios da Bahia (TCM). O\u00a0gestor tamb\u00e9m celebrou a aprova\u00e7\u00e3o das contas por quatro anos consecutivos\u00a0e destacou\u00a0o trabalho executado durante<\/p>\n","protected":false},"author":8,"featured_media":0,"comment_status":"closed","ping_status":"closed","sticky":false,"template":"","format":"standard","meta":{"fifu_image_url":"","fifu_image_alt":"","footnotes":""},"categories":[33],"tags":[],"class_list":["post-14805","post","type-post","status-publish","format-standard","hentry","category-noticias"],"_links":{"self":[{"href":"https:\/\/ilheusnews.com.br\/index.php?rest_route=\/wp\/v2\/posts\/14805","targetHints":{"allow":["GET"]}}],"collection":[{"href":"https:\/\/ilheusnews.com.br\/index.php?rest_route=\/wp\/v2\/posts"}],"about":[{"href":"https:\/\/ilheusnews.com.br\/index.php?rest_route=\/wp\/v2\/types\/post"}],"author":[{"embeddable":true,"href":"https:\/\/ilheusnews.com.br\/index.php?rest_route=\/wp\/v2\/users\/8"}],"replies":[{"embeddable":true,"href":"https:\/\/ilheusnews.com.br\/index.php?rest_route=%2Fwp%2Fv2%2Fcomments&post=14805"}],"version-history":[{"count":0,"href":"https:\/\/ilheusnews.com.br\/index.php?rest_route=\/wp\/v2\/posts\/14805\/revisions"}],"wp:attachment":[{"href":"https:\/\/ilheusnews.com.br\/index.php?rest_route=%2Fwp%2Fv2%2Fmedia&parent=14805"}],"wp:term":[{"taxonomy":"category","embeddable":true,"href":"https:\/\/ilheusnews.com.br\/index.php?rest_route=%2Fwp%2Fv2%2Fcategories&post=14805"},{"taxonomy":"post_tag","embeddable":true,"href":"https:\/\/ilheusnews.com.br\/index.php?rest_route=%2Fwp%2Fv2%2Ftags&post=14805"}],"curies":[{"name":"wp","href":"https:\/\/api.w.org\/{rel}","templated":true}]}}