{"id":14803,"date":"2026-08-28T18:02:43","date_gmt":"2026-08-28T21:02:43","guid":{"rendered":"https:\/\/ilheusnews.com.br\/?p=14803"},"modified":"2026-08-28T18:02:43","modified_gmt":"2026-08-28T21:02:43","slug":"adversarios-monitoram-crescimento-incomum-de-cury-nas-redes","status":"publish","type":"post","link":"https:\/\/ilheusnews.com.br\/?p=14803","title":{"rendered":"Advers\u00e1rios monitoram crescimento \u201cincomum\u201d de Cury nas redes"},"content":{"rendered":"<div>O crescimento do escritor Augusto Cury (foto ilustra\u00e7\u00e3o), candidato do Avante \u00e0 Presid\u00eancia, nas redes sociais nos \u00faltimos dias acendeu um alerta nos advers\u00e1rios. O fen\u00f4meno, considerado incomum, passou a ser monitorado por outras campanhas. Sob reserva, integrantes dos times de outros presidenci\u00e1veis admitem que, se forem verificadas irregularidades, podem levar o caso para discuss\u00e3o no TSE (Tribunal Superior Eleitoral). Ap\u00f3s o debate realizado pela Band, no domingo (23), Augusto Cury registrou\u00a0aumento de seguidores, men\u00e7\u00f5es\u00a0nas redes e buscas por seu nome no Google. Al\u00e9m disso, v\u00eddeos sobre o candidato se multiplicaram, principalmente no Instagram. Com apenas 35 segundos na propaganda de TV e r\u00e1dio que come\u00e7a nesta sexta-feira (28), Cury quer se apresentar como um \u201cagente da despolitiza\u00e7\u00e3o\u201d e usar o espa\u00e7o para atrair o eleitor para as redes sociais. No \u00faltimo Datafolha, o candidato do Avante somava 2% das inten\u00e7\u00f5es de voto, atr\u00e1s de Lula (39%), Fl\u00e1vio Bolsonaro (33%), Ronaldo Caiado (5%), Renan Santos (4%) e Romeu Zema (3%). No Instagram, o perfil o escritor ganhou 2,24 milh\u00f5es de seguidores nos \u00faltimos cinco dias. No dia do debate da Band, domingo, ele tinha 8,3 milh\u00f5es de seguidores. Dois dias depois, na ter\u00e7a-feira, somava 8,5 milh\u00f5es. O salto que chama a aten\u00e7\u00e3o dos analistas digitais ocorre a partir de quarta-feira (26), quando Cury ganhou quase 690 mil seguidores. Na quinta-feira (27), somaram-se \u00e0 rede do candidato do Avante 1,2 milh\u00e3o de perfis. E apenas na primeira hora desta sexta-feira, foram mais 146 mil seguidores, de acordo com a plataforma Social Blade, consultada pela reportagem. No ranking mundial de perfis que mais ganharam seguidores no Instagram entre domingo e quarta-feira, Cury apareceu na segunda coloca\u00e7\u00e3o, atr\u00e1s apenas do perfil da cantora americana Dolly Parton, que morreu na ter\u00e7a-feira (25). Em terceiro lugar aparece Lito Sousa, influenciador e especialista em avia\u00e7\u00e3o que ganhou forte repercuss\u00e3o nas redes ap\u00f3s revelar o diagn\u00f3stico da doen\u00e7a de Creutzfeldt-Jakob, condi\u00e7\u00e3o neurodegenerativa rara e de r\u00e1pida progress\u00e3o. Integrantes das equipes de Fl\u00e1vio Bolsonaro (PL), Ronaldo Caiado (PSD) e Renan Santos (Miss\u00e3o) acompanham a curva de crescimento e descrevem o movimento como \u201cincomum\u201d e \u201cestranho\u201d. Um dos pontos questionados \u00e9 o fato de v\u00eddeos sobre Cury passarem a ser feitos por influenciadores sem rela\u00e7\u00e3o com pol\u00edtica. Alguns n\u00e3o exibem, por exemplo, a foto de Augusto Cury, apenas o n\u00famero dele na urna. Estrategistas pol\u00edticos observam que o n\u00famero \u00e9 uma das informa\u00e7\u00f5es mais dif\u00edceis de fazer o eleitor assimilar. Outro fator que desperta a aten\u00e7\u00e3o \u00e9 que os virais n\u00e3o partem, por exemplo, de cortes de falas do candidato do Avante, como um trecho de sua participa\u00e7\u00e3o no debate da Band. S\u00e3o v\u00eddeos de pessoas endossando diretamente a candidatura. As demais campanhas t\u00eam monitorado tamb\u00e9m os hor\u00e1rios de adi\u00e7\u00e3o de novos seguidores, inclusive durante a madrugada, e o aumento de buscas pelo nome de Augusto Cury fora do Brasil. Houve, por exemplo, um pico de buscas pelo candidato na \u00cdndia, segundo o Google Trends, a partir de quarta-feira. O marqueteiro S\u00e9rgio Lima, respons\u00e1vel pela campanha de Augusto Cury, nega ter inflado artificialmente o n\u00famero de seguidores ou pago por engajamento. Ele afirma que havia uma estrat\u00e9gia de crescimento voltada para a\u00a0pr\u00f3pria base do escritor, que \u00e9 um best-seller e j\u00e1 somava 8 milh\u00f5es de seguidores. \u201cO crescimento \u00e9 p\u00fablico. Pode acionar a Meta que ela exp\u00f5e os dados. Mais de 96% dos nossos seguidores est\u00e3o no Brasil\u201d, disse Lima \u00e0\u00a0CNN. Entre segunda (24) e esta quinta-feira, o perfil no Instagram, segundo o marqueteiro, somou 854 mil coment\u00e1rios. \u201cN\u00e3o tem rob\u00f4. Pode fazer uma auditoria nos coment\u00e1rios\u201d, desafiou. De acordo com S\u00e9rgio Lima, o segredo foi ativar a base que j\u00e1 conhecia Cury, que tem mais de 48 milh\u00f5es de livros vendidos. \u201cAs pessoas ficaram sabendo que agora ele \u00e9 candidato. Cresceu de maneira sobrenatural e s\u00f3 vai aumentar\u201d, disse. O marqueteiro afirmou ainda ter gastado cerca de R$ 20 mil em impulsionamento nas plataformas da Meta. (CNN)<\/div>\n","protected":false},"excerpt":{"rendered":"<p>O crescimento do escritor Augusto Cury (foto ilustra\u00e7\u00e3o), candidato do Avante \u00e0 Presid\u00eancia, nas redes sociais nos \u00faltimos dias acendeu um alerta nos advers\u00e1rios. O fen\u00f4meno, considerado incomum, passou a ser monitorado por outras campanhas. Sob reserva, integrantes dos times de outros presidenci\u00e1veis admitem que, se forem verificadas irregularidades, podem levar o caso para discuss\u00e3o<\/p>\n","protected":false},"author":8,"featured_media":0,"comment_status":"closed","ping_status":"closed","sticky":false,"template":"","format":"standard","meta":{"fifu_image_url":"","fifu_image_alt":"","footnotes":""},"categories":[33],"tags":[],"class_list":["post-14803","post","type-post","status-publish","format-standard","hentry","category-noticias"],"_links":{"self":[{"href":"https:\/\/ilheusnews.com.br\/index.php?rest_route=\/wp\/v2\/posts\/14803","targetHints":{"allow":["GET"]}}],"collection":[{"href":"https:\/\/ilheusnews.com.br\/index.php?rest_route=\/wp\/v2\/posts"}],"about":[{"href":"https:\/\/ilheusnews.com.br\/index.php?rest_route=\/wp\/v2\/types\/post"}],"author":[{"embeddable":true,"href":"https:\/\/ilheusnews.com.br\/index.php?rest_route=\/wp\/v2\/users\/8"}],"replies":[{"embeddable":true,"href":"https:\/\/ilheusnews.com.br\/index.php?rest_route=%2Fwp%2Fv2%2Fcomments&post=14803"}],"version-history":[{"count":0,"href":"https:\/\/ilheusnews.com.br\/index.php?rest_route=\/wp\/v2\/posts\/14803\/revisions"}],"wp:attachment":[{"href":"https:\/\/ilheusnews.com.br\/index.php?rest_route=%2Fwp%2Fv2%2Fmedia&parent=14803"}],"wp:term":[{"taxonomy":"category","embeddable":true,"href":"https:\/\/ilheusnews.com.br\/index.php?rest_route=%2Fwp%2Fv2%2Fcategories&post=14803"},{"taxonomy":"post_tag","embeddable":true,"href":"https:\/\/ilheusnews.com.br\/index.php?rest_route=%2Fwp%2Fv2%2Ftags&post=14803"}],"curies":[{"name":"wp","href":"https:\/\/api.w.org\/{rel}","templated":true}]}}