{"id":14775,"date":"2026-08-28T12:07:11","date_gmt":"2026-08-28T15:07:11","guid":{"rendered":"https:\/\/ilheusnews.com.br\/?p=14775"},"modified":"2026-08-28T12:07:11","modified_gmt":"2026-08-28T15:07:11","slug":"madre-de-deus-prefeitura-recebe-recursos-dos-precatorios-do-fundef-e-avanca-nos-proximos-passos","status":"publish","type":"post","link":"https:\/\/ilheusnews.com.br\/?p=14775","title":{"rendered":"Madre de Deus: Prefeitura recebe recursos dos precat\u00f3rios do FUNDEF e avan\u00e7a nos pr\u00f3ximos passos"},"content":{"rendered":"<div>A Prefeitura de Madre de Deus recebeu os recursos referentes aos precat\u00f3rios do FUNDEF e inicia uma nova etapa dos procedimentos relacionados \u00e0 destina\u00e7\u00e3o desses valores. Com o recurso j\u00e1 creditado, a gest\u00e3o municipal passa a adotar as provid\u00eancias necess\u00e1rias, observando a legisla\u00e7\u00e3o aplic\u00e1vel e as decis\u00f5es judiciais pertinentes. (Foto ilustra\u00e7\u00e3o) Naquilo que couber e observados os requisitos legais, os profissionais da educa\u00e7\u00e3o poder\u00e3o ser contemplados com recursos oriundos dos precat\u00f3rios. Neste momento, a Prefeitura trabalha na organiza\u00e7\u00e3o dos pr\u00f3ximos passos com responsabilidade, transpar\u00eancia e di\u00e1logo com a categoria e sua representa\u00e7\u00e3o. Nesse sentido, a Secretaria Municipal de Educa\u00e7\u00e3o (SEDUC) convocou a diretoria da APLB-Sindicato para uma reuni\u00e3o. O encontro ter\u00e1 como objetivo apresentar as informa\u00e7\u00f5es dispon\u00edveis, esclarecer os procedimentos e os pr\u00f3ximos passos e promover o di\u00e1logo transparente com a representa\u00e7\u00e3o dos profissionais da educa\u00e7\u00e3o. A Prefeitura refor\u00e7a que qualquer defini\u00e7\u00e3o sobre crit\u00e9rios, benefici\u00e1rios, valores e forma de pagamento depender\u00e1 da conclus\u00e3o dos tr\u00e2mites legais, administrativos e or\u00e7ament\u00e1rios necess\u00e1rios. A gest\u00e3o municipal reconhece a import\u00e2ncia dos trabalhadores da educa\u00e7\u00e3o para a constru\u00e7\u00e3o de uma Madre de Deus cada vez melhor e reafirma o compromisso de conduzir esse processo com respeito \u00e0 categoria, responsabilidade na aplica\u00e7\u00e3o dos recursos p\u00fablicos e transpar\u00eancia em cada etapa. \u00c0 medida que as defini\u00e7\u00f5es forem estabelecidas e os procedimentos avan\u00e7arem, a Prefeitura manter\u00e1 os profissionais da educa\u00e7\u00e3o e toda a comunidade informados sobre os pr\u00f3ximos passos. (Ascom\/PMMD)<\/div>\n","protected":false},"excerpt":{"rendered":"<p>A Prefeitura de Madre de Deus recebeu os recursos referentes aos precat\u00f3rios do FUNDEF e inicia uma nova etapa dos procedimentos relacionados \u00e0 destina\u00e7\u00e3o desses valores. Com o recurso j\u00e1 creditado, a gest\u00e3o municipal passa a adotar as provid\u00eancias necess\u00e1rias, observando a legisla\u00e7\u00e3o aplic\u00e1vel e as decis\u00f5es judiciais pertinentes. (Foto ilustra\u00e7\u00e3o) Naquilo que couber e<\/p>\n","protected":false},"author":8,"featured_media":0,"comment_status":"closed","ping_status":"closed","sticky":false,"template":"","format":"standard","meta":{"fifu_image_url":"","fifu_image_alt":"","footnotes":""},"categories":[33],"tags":[],"class_list":["post-14775","post","type-post","status-publish","format-standard","hentry","category-noticias"],"_links":{"self":[{"href":"https:\/\/ilheusnews.com.br\/index.php?rest_route=\/wp\/v2\/posts\/14775","targetHints":{"allow":["GET"]}}],"collection":[{"href":"https:\/\/ilheusnews.com.br\/index.php?rest_route=\/wp\/v2\/posts"}],"about":[{"href":"https:\/\/ilheusnews.com.br\/index.php?rest_route=\/wp\/v2\/types\/post"}],"author":[{"embeddable":true,"href":"https:\/\/ilheusnews.com.br\/index.php?rest_route=\/wp\/v2\/users\/8"}],"replies":[{"embeddable":true,"href":"https:\/\/ilheusnews.com.br\/index.php?rest_route=%2Fwp%2Fv2%2Fcomments&post=14775"}],"version-history":[{"count":0,"href":"https:\/\/ilheusnews.com.br\/index.php?rest_route=\/wp\/v2\/posts\/14775\/revisions"}],"wp:attachment":[{"href":"https:\/\/ilheusnews.com.br\/index.php?rest_route=%2Fwp%2Fv2%2Fmedia&parent=14775"}],"wp:term":[{"taxonomy":"category","embeddable":true,"href":"https:\/\/ilheusnews.com.br\/index.php?rest_route=%2Fwp%2Fv2%2Fcategories&post=14775"},{"taxonomy":"post_tag","embeddable":true,"href":"https:\/\/ilheusnews.com.br\/index.php?rest_route=%2Fwp%2Fv2%2Ftags&post=14775"}],"curies":[{"name":"wp","href":"https:\/\/api.w.org\/{rel}","templated":true}]}}