{"id":14771,"date":"2026-08-28T12:06:56","date_gmt":"2026-08-28T15:06:56","guid":{"rendered":"https:\/\/ilheusnews.com.br\/?p=14771"},"modified":"2026-08-28T12:06:56","modified_gmt":"2026-08-28T15:06:56","slug":"chorrocho-contrato-de-locacao-de-veiculo-da-camara-municipal-e-alvo-de-investigacao","status":"publish","type":"post","link":"https:\/\/ilheusnews.com.br\/?p=14771","title":{"rendered":"Chorroch\u00f3: Contrato de loca\u00e7\u00e3o de ve\u00edculo da C\u00e2mara Municipal \u00e9 alvo de investiga\u00e7\u00e3o"},"content":{"rendered":"<div>Uma contrata\u00e7\u00e3o realizada pela C\u00e2mara Municipal de Chorroch\u00f3 entrou no radar do Minist\u00e9rio P\u00fablico ap\u00f3s den\u00fancias de poss\u00edveis irregularidades no preg\u00e3o eletr\u00f4nico n\u00ba 001\/2025 e no processo administrativo\/licitat\u00f3rio n\u00ba 017\/2025. A Promotoria de Justi\u00e7a instaurou procedimento para apurar o caso. A apura\u00e7\u00e3o envolve a contrata\u00e7\u00e3o de uma empresa para presta\u00e7\u00e3o de servi\u00e7os de loca\u00e7\u00e3o de ve\u00edculo. Entre os pontos levantados na den\u00fancia est\u00e3o uma poss\u00edvel diverg\u00eancia entre o ve\u00edculo utilizado na execu\u00e7\u00e3o do contrato e a titularidade do bem, al\u00e9m de suspeitas de direcionamento, favorecimento indevido e eventual desvio de recursos p\u00fablicos. Outro ponto considerado pelo \u00f3rg\u00e3o de fiscaliza\u00e7\u00e3o foi a aus\u00eancia de resposta da C\u00e2mara Municipal \u00e0s sucessivas requisi\u00e7\u00f5es para apresenta\u00e7\u00e3o de documentos e informa\u00e7\u00f5es necess\u00e1rias \u00e0 investiga\u00e7\u00e3o. O procedimento \u00e9 conduzido pelo promotor de Justi\u00e7a, Leonardo de Almeida Bitencourt, em substitui\u00e7\u00e3o. (Da Reda\u00e7\u00e3o\/foto ilustra\u00e7\u00e3o \u2013 Chorroch\u00f3)<\/div>\n","protected":false},"excerpt":{"rendered":"<p>Uma contrata\u00e7\u00e3o realizada pela C\u00e2mara Municipal de Chorroch\u00f3 entrou no radar do Minist\u00e9rio P\u00fablico ap\u00f3s den\u00fancias de poss\u00edveis irregularidades no preg\u00e3o eletr\u00f4nico n\u00ba 001\/2025 e no processo administrativo\/licitat\u00f3rio n\u00ba 017\/2025. A Promotoria de Justi\u00e7a instaurou procedimento para apurar o caso. A apura\u00e7\u00e3o envolve a contrata\u00e7\u00e3o de uma empresa para presta\u00e7\u00e3o de servi\u00e7os de loca\u00e7\u00e3o de<\/p>\n","protected":false},"author":8,"featured_media":0,"comment_status":"closed","ping_status":"closed","sticky":false,"template":"","format":"standard","meta":{"fifu_image_url":"","fifu_image_alt":"","footnotes":""},"categories":[33],"tags":[],"class_list":["post-14771","post","type-post","status-publish","format-standard","hentry","category-noticias"],"_links":{"self":[{"href":"https:\/\/ilheusnews.com.br\/index.php?rest_route=\/wp\/v2\/posts\/14771","targetHints":{"allow":["GET"]}}],"collection":[{"href":"https:\/\/ilheusnews.com.br\/index.php?rest_route=\/wp\/v2\/posts"}],"about":[{"href":"https:\/\/ilheusnews.com.br\/index.php?rest_route=\/wp\/v2\/types\/post"}],"author":[{"embeddable":true,"href":"https:\/\/ilheusnews.com.br\/index.php?rest_route=\/wp\/v2\/users\/8"}],"replies":[{"embeddable":true,"href":"https:\/\/ilheusnews.com.br\/index.php?rest_route=%2Fwp%2Fv2%2Fcomments&post=14771"}],"version-history":[{"count":0,"href":"https:\/\/ilheusnews.com.br\/index.php?rest_route=\/wp\/v2\/posts\/14771\/revisions"}],"wp:attachment":[{"href":"https:\/\/ilheusnews.com.br\/index.php?rest_route=%2Fwp%2Fv2%2Fmedia&parent=14771"}],"wp:term":[{"taxonomy":"category","embeddable":true,"href":"https:\/\/ilheusnews.com.br\/index.php?rest_route=%2Fwp%2Fv2%2Fcategories&post=14771"},{"taxonomy":"post_tag","embeddable":true,"href":"https:\/\/ilheusnews.com.br\/index.php?rest_route=%2Fwp%2Fv2%2Ftags&post=14771"}],"curies":[{"name":"wp","href":"https:\/\/api.w.org\/{rel}","templated":true}]}}