{"id":14712,"date":"2026-08-27T12:01:08","date_gmt":"2026-08-27T15:01:08","guid":{"rendered":"https:\/\/ilheusnews.com.br\/?p=14712"},"modified":"2026-08-27T12:01:08","modified_gmt":"2026-08-27T15:01:08","slug":"serra-preta-tre-mantem-mandato-de-franklin-e-afasta-multa-em-acao-sobre-eleicoes","status":"publish","type":"post","link":"https:\/\/ilheusnews.com.br\/?p=14712","title":{"rendered":"Serra Preta: TRE mant\u00e9m mandato de Franklin e afasta multa em a\u00e7\u00e3o sobre elei\u00e7\u00f5es"},"content":{"rendered":"<div>O Tribunal Regional Eleitoral (TRE) manteve, por unanimidade, os mandatos do prefeito reeleito Franklin Leite (foto ilustra\u00e7\u00e3o) e do vice-prefeito M\u00e1rio Gon\u00e7alves, de Serra Preta. A decis\u00e3o foi tomada em julgamento realizado no dia 21 de agosto e rejeitou o recurso que pedia a cassa\u00e7\u00e3o da chapa eleita em 2024. A a\u00e7\u00e3o foi apresentada pelo PSB de Serra Preta e por Evandro Figueredo, que apontaram supostos abusos de poder pol\u00edtico e econ\u00f4mico durante a campanha. Entre as acusa\u00e7\u00f5es estavam distribui\u00e7\u00e3o de sementes, kits escolares, pr\u00f3teses dent\u00e1rias, contrata\u00e7\u00e3o de tempor\u00e1rios e uma reuni\u00e3o com servidores comissionados. Para o TRE, n\u00e3o houve prova robusta nem gravidade suficiente para justificar a cassa\u00e7\u00e3o. O Tribunal tamb\u00e9m afastou a multa de 10 mil UFIR que havia sido aplicada na primeira inst\u00e2ncia por suposta conduta vedada relacionada \u00e0 reuni\u00e3o com servidores. Segundo o entendimento adotado, a a\u00e7\u00e3o de impugna\u00e7\u00e3o de mandato Eletivo n\u00e3o \u00e9 a via adequada para aplicar isoladamente essa penalidade. Com a decis\u00e3o, os pedidos contra a chapa foram julgados totalmente improcedentes. (Da Reda\u00e7\u00e3o)<\/div>\n","protected":false},"excerpt":{"rendered":"<p>O Tribunal Regional Eleitoral (TRE) manteve, por unanimidade, os mandatos do prefeito reeleito Franklin Leite (foto ilustra\u00e7\u00e3o) e do vice-prefeito M\u00e1rio Gon\u00e7alves, de Serra Preta. A decis\u00e3o foi tomada em julgamento realizado no dia 21 de agosto e rejeitou o recurso que pedia a cassa\u00e7\u00e3o da chapa eleita em 2024. A a\u00e7\u00e3o foi apresentada pelo<\/p>\n","protected":false},"author":8,"featured_media":0,"comment_status":"closed","ping_status":"closed","sticky":false,"template":"","format":"standard","meta":{"fifu_image_url":"","fifu_image_alt":"","footnotes":""},"categories":[33],"tags":[],"class_list":["post-14712","post","type-post","status-publish","format-standard","hentry","category-noticias"],"_links":{"self":[{"href":"https:\/\/ilheusnews.com.br\/index.php?rest_route=\/wp\/v2\/posts\/14712","targetHints":{"allow":["GET"]}}],"collection":[{"href":"https:\/\/ilheusnews.com.br\/index.php?rest_route=\/wp\/v2\/posts"}],"about":[{"href":"https:\/\/ilheusnews.com.br\/index.php?rest_route=\/wp\/v2\/types\/post"}],"author":[{"embeddable":true,"href":"https:\/\/ilheusnews.com.br\/index.php?rest_route=\/wp\/v2\/users\/8"}],"replies":[{"embeddable":true,"href":"https:\/\/ilheusnews.com.br\/index.php?rest_route=%2Fwp%2Fv2%2Fcomments&post=14712"}],"version-history":[{"count":0,"href":"https:\/\/ilheusnews.com.br\/index.php?rest_route=\/wp\/v2\/posts\/14712\/revisions"}],"wp:attachment":[{"href":"https:\/\/ilheusnews.com.br\/index.php?rest_route=%2Fwp%2Fv2%2Fmedia&parent=14712"}],"wp:term":[{"taxonomy":"category","embeddable":true,"href":"https:\/\/ilheusnews.com.br\/index.php?rest_route=%2Fwp%2Fv2%2Fcategories&post=14712"},{"taxonomy":"post_tag","embeddable":true,"href":"https:\/\/ilheusnews.com.br\/index.php?rest_route=%2Fwp%2Fv2%2Ftags&post=14712"}],"curies":[{"name":"wp","href":"https:\/\/api.w.org\/{rel}","templated":true}]}}